{"id":14115,"date":"1998-11-16T07:00:30","date_gmt":"1998-11-16T06:00:30","guid":{"rendered":"https:\/\/vss.michaelschaedler.li\/perspectives-pour-les-hautes-ecoles-de-demain\/"},"modified":"1998-11-16T07:00:30","modified_gmt":"1998-11-16T06:00:30","slug":"perspectives-pour-les-hautes-ecoles-de-demain","status":"publish","type":"post","link":"https:\/\/vss-unes.ch\/fr\/perspectives-pour-les-hautes-ecoles-de-demain\/","title":{"rendered":"Perspectives pour les Hautes Ecoles de demain"},"content":{"rendered":"<p><strong>L&rsquo;Universit\u00e9 et la soci\u00e9t\u00e9 &#8211; La s\u00e9lection et les universit\u00e9s &#8211; La mise en r\u00e9seau des hautes \u00e9coles suisses &#8211; Le r\u00f4le des hautes \u00e9coles sp\u00e9cialis\u00e9es &#8211; Financement des hautes \u00e9coles &#8211; La d\u00e9mocratie \u00e0 l&rsquo;Universit\u00e9 &#8211; La place des femmes<\/p>\n<p> adopt\u00e9e par l&rsquo;AD de l&rsquo;UNES, 16 novembre 1998 <a href=\"https:\/\/vss-unes.ch\/wp-content\/uploads\/2020\/07\/1998-11-16-f-perspectives.pdf\">Position en pdf<\/a><\/p>\n<p><\/strong><\/p>\n","protected":false},"excerpt":{"rendered":"<p>L&rsquo;Universit\u00e9 et la soci\u00e9t\u00e9 &#8211; La s\u00e9lection et les universit\u00e9s &#8211; La mise en r\u00e9seau des hautes \u00e9coles suisses &#8211; Le r\u00f4le des hautes \u00e9coles sp\u00e9cialis\u00e9es &#8211; Financement des hautes &#8230; <a title=\"Perspectives pour les Hautes Ecoles de demain\" class=\"read-more\" href=\"https:\/\/vss-unes.ch\/fr\/perspectives-pour-les-hautes-ecoles-de-demain\/\" aria-label=\"En savoir plus sur Perspectives pour les Hautes Ecoles de demain\">Lire la suite<\/a><\/p>\n","protected":false},"author":1,"featured_media":0,"comment_status":"open","ping_status":"closed","sticky":false,"template":"","format":"standard","meta":{"_acf_changed":false,"inline_featured_image":false,"_EventAllDay":false,"_EventTimezone":"","_EventStartDate":"","_EventEndDate":"","_EventStartDateUTC":"","_EventEndDateUTC":"","_EventShowMap":false,"_EventShowMapLink":false,"_EventURL":"","_EventCost":"","_EventCostDescription":"","_EventCurrencySymbol":"","_EventCurrencyCode":"","_EventCurrencyPosition":"","_EventDateTimeSeparator":"","_EventTimeRangeSeparator":"","_EventOrganizerID":[],"_EventVenueID":[],"_OrganizerEmail":"","_OrganizerPhone":"","_OrganizerWebsite":"","_VenueAddress":"","_VenueCity":"","_VenueCountry":"","_VenueProvince":"","_VenueState":"","_VenueZip":"","_VenuePhone":"","_VenueURL":"","_VenueStateProvince":"","_VenueLat":"","_VenueLng":"","_VenueShowMap":false,"_VenueShowMapLink":false,"wds_primary_category":0,"footnotes":"","_links_to":"","_links_to_target":""},"categories":[34],"tags":[],"class_list":["post-14115","post","type-post","status-publish","format-standard","hentry","category-non-classifiee"],"acf":[],"_links":{"self":[{"href":"https:\/\/vss-unes.ch\/fr\/wp-json\/wp\/v2\/posts\/14115","targetHints":{"allow":["GET"]}}],"collection":[{"href":"https:\/\/vss-unes.ch\/fr\/wp-json\/wp\/v2\/posts"}],"about":[{"href":"https:\/\/vss-unes.ch\/fr\/wp-json\/wp\/v2\/types\/post"}],"author":[{"embeddable":true,"href":"https:\/\/vss-unes.ch\/fr\/wp-json\/wp\/v2\/users\/1"}],"replies":[{"embeddable":true,"href":"https:\/\/vss-unes.ch\/fr\/wp-json\/wp\/v2\/comments?post=14115"}],"version-history":[{"count":0,"href":"https:\/\/vss-unes.ch\/fr\/wp-json\/wp\/v2\/posts\/14115\/revisions"}],"wp:attachment":[{"href":"https:\/\/vss-unes.ch\/fr\/wp-json\/wp\/v2\/media?parent=14115"}],"wp:term":[{"taxonomy":"category","embeddable":true,"href":"https:\/\/vss-unes.ch\/fr\/wp-json\/wp\/v2\/categories?post=14115"},{"taxonomy":"post_tag","embeddable":true,"href":"https:\/\/vss-unes.ch\/fr\/wp-json\/wp\/v2\/tags?post=14115"}],"curies":[{"name":"wp","href":"https:\/\/api.w.org\/{rel}","templated":true}]}}