{"id":14116,"date":"1999-11-20T07:00:07","date_gmt":"1999-11-20T06:00:07","guid":{"rendered":"https:\/\/vss.michaelschaedler.li\/la-nouvelle-loi-sur-laide-aux-universites-lau\/"},"modified":"1999-11-20T07:00:07","modified_gmt":"1999-11-20T06:00:07","slug":"la-nouvelle-loi-sur-laide-aux-universites-lau","status":"publish","type":"post","link":"https:\/\/vss-unes.ch\/fr\/la-nouvelle-loi-sur-laide-aux-universites-lau\/","title":{"rendered":"La nouvelle loi sur l&rsquo;aide aux Universit\u00e9s (LAU)"},"content":{"rendered":"<p><span style=\"font-family:arial,helvetica,sans-serif;\"><b>Elargir les comp\u00e9tences de la Conf\u00e9d\u00e9ration, autonomie des Hautes Ecoles, d\u00e9mocratisation, assurance de la qualit\u00e9<\/b><br \/>adopt\u00e9e par l&rsquo;AD de l&rsquo;UNES, 20 novembre 1999<br \/><strong><a href=\"https:\/\/vss-unes.ch\/wp-content\/uploads\/2020\/07\/1999-11-20-f-position-ufg.pdf\" target=\"_blank\" rel=\"noopener noreferrer\">Position en pdf<\/a><\/strong><\/span><\/p>\n","protected":false},"excerpt":{"rendered":"<p>Elargir les comp\u00e9tences de la Conf\u00e9d\u00e9ration, autonomie des Hautes Ecoles, d\u00e9mocratisation, assurance de la qualit\u00e9adopt\u00e9e par l&rsquo;AD de l&rsquo;UNES, 20 novembre 1999Position en pdf<\/p>\n","protected":false},"author":1,"featured_media":0,"comment_status":"open","ping_status":"closed","sticky":false,"template":"","format":"standard","meta":{"_acf_changed":false,"inline_featured_image":false,"_EventAllDay":false,"_EventTimezone":"","_EventStartDate":"","_EventEndDate":"","_EventStartDateUTC":"","_EventEndDateUTC":"","_EventShowMap":false,"_EventShowMapLink":false,"_EventURL":"","_EventCost":"","_EventCostDescription":"","_EventCurrencySymbol":"","_EventCurrencyCode":"","_EventCurrencyPosition":"","_EventDateTimeSeparator":"","_EventTimeRangeSeparator":"","_EventOrganizerID":[],"_EventVenueID":[],"_OrganizerEmail":"","_OrganizerPhone":"","_OrganizerWebsite":"","_VenueAddress":"","_VenueCity":"","_VenueCountry":"","_VenueProvince":"","_VenueState":"","_VenueZip":"","_VenuePhone":"","_VenueURL":"","_VenueStateProvince":"","_VenueLat":"","_VenueLng":"","_VenueShowMap":false,"_VenueShowMapLink":false,"wds_primary_category":0,"footnotes":"","_links_to":"","_links_to_target":""},"categories":[34],"tags":[],"class_list":["post-14116","post","type-post","status-publish","format-standard","hentry","category-non-classifiee"],"acf":[],"_links":{"self":[{"href":"https:\/\/vss-unes.ch\/fr\/wp-json\/wp\/v2\/posts\/14116","targetHints":{"allow":["GET"]}}],"collection":[{"href":"https:\/\/vss-unes.ch\/fr\/wp-json\/wp\/v2\/posts"}],"about":[{"href":"https:\/\/vss-unes.ch\/fr\/wp-json\/wp\/v2\/types\/post"}],"author":[{"embeddable":true,"href":"https:\/\/vss-unes.ch\/fr\/wp-json\/wp\/v2\/users\/1"}],"replies":[{"embeddable":true,"href":"https:\/\/vss-unes.ch\/fr\/wp-json\/wp\/v2\/comments?post=14116"}],"version-history":[{"count":0,"href":"https:\/\/vss-unes.ch\/fr\/wp-json\/wp\/v2\/posts\/14116\/revisions"}],"wp:attachment":[{"href":"https:\/\/vss-unes.ch\/fr\/wp-json\/wp\/v2\/media?parent=14116"}],"wp:term":[{"taxonomy":"category","embeddable":true,"href":"https:\/\/vss-unes.ch\/fr\/wp-json\/wp\/v2\/categories?post=14116"},{"taxonomy":"post_tag","embeddable":true,"href":"https:\/\/vss-unes.ch\/fr\/wp-json\/wp\/v2\/tags?post=14116"}],"curies":[{"name":"wp","href":"https:\/\/api.w.org\/{rel}","templated":true}]}}