{"id":14117,"date":"1999-11-20T07:00:37","date_gmt":"1999-11-20T06:00:37","guid":{"rendered":"https:\/\/vss.michaelschaedler.li\/lengagement-politique-de-lunes-au-niveau-national-international-et-en-matiere-de-solidarite\/"},"modified":"1999-11-20T07:00:37","modified_gmt":"1999-11-20T06:00:37","slug":"lengagement-politique-de-lunes-au-niveau-national-international-et-en-matiere-de-solidarite","status":"publish","type":"post","link":"https:\/\/vss-unes.ch\/fr\/lengagement-politique-de-lunes-au-niveau-national-international-et-en-matiere-de-solidarite\/","title":{"rendered":"L&rsquo;engagement politique de l&rsquo;UNES, au niveau national, international et en mati\u00e8re de solidarit\u00e9"},"content":{"rendered":"<p><strong>Champs de travail \u00e9tendus, d\u00e9finitions pour un engagement plus large<\/strong><br \/>adopt\u00e9e par l&rsquo;AD de l&rsquo;UNES, 20 novembre 1999<br \/><strong><a href=\"https:\/\/vss-unes.ch\/wp-content\/uploads\/2020\/07\/1999-11-20-f-engagement.pdf\" target=\"_blank\" rel=\"noopener noreferrer\">Position en pdf<\/a><\/strong><br \/>\u00a0<\/p>\n","protected":false},"excerpt":{"rendered":"<p>Champs de travail \u00e9tendus, d\u00e9finitions pour un engagement plus largeadopt\u00e9e par l&rsquo;AD de l&rsquo;UNES, 20 novembre 1999Position en pdf\u00a0<\/p>\n","protected":false},"author":1,"featured_media":0,"comment_status":"open","ping_status":"closed","sticky":false,"template":"","format":"standard","meta":{"_acf_changed":false,"inline_featured_image":false,"_EventAllDay":false,"_EventTimezone":"","_EventStartDate":"","_EventEndDate":"","_EventStartDateUTC":"","_EventEndDateUTC":"","_EventShowMap":false,"_EventShowMapLink":false,"_EventURL":"","_EventCost":"","_EventCostDescription":"","_EventCurrencySymbol":"","_EventCurrencyCode":"","_EventCurrencyPosition":"","_EventDateTimeSeparator":"","_EventTimeRangeSeparator":"","_EventOrganizerID":[],"_EventVenueID":[],"_OrganizerEmail":"","_OrganizerPhone":"","_OrganizerWebsite":"","_VenueAddress":"","_VenueCity":"","_VenueCountry":"","_VenueProvince":"","_VenueState":"","_VenueZip":"","_VenuePhone":"","_VenueURL":"","_VenueStateProvince":"","_VenueLat":"","_VenueLng":"","_VenueShowMap":false,"_VenueShowMapLink":false,"wds_primary_category":0,"footnotes":"","_links_to":"","_links_to_target":""},"categories":[34],"tags":[],"class_list":["post-14117","post","type-post","status-publish","format-standard","hentry","category-non-classifiee"],"acf":[],"_links":{"self":[{"href":"https:\/\/vss-unes.ch\/fr\/wp-json\/wp\/v2\/posts\/14117","targetHints":{"allow":["GET"]}}],"collection":[{"href":"https:\/\/vss-unes.ch\/fr\/wp-json\/wp\/v2\/posts"}],"about":[{"href":"https:\/\/vss-unes.ch\/fr\/wp-json\/wp\/v2\/types\/post"}],"author":[{"embeddable":true,"href":"https:\/\/vss-unes.ch\/fr\/wp-json\/wp\/v2\/users\/1"}],"replies":[{"embeddable":true,"href":"https:\/\/vss-unes.ch\/fr\/wp-json\/wp\/v2\/comments?post=14117"}],"version-history":[{"count":0,"href":"https:\/\/vss-unes.ch\/fr\/wp-json\/wp\/v2\/posts\/14117\/revisions"}],"wp:attachment":[{"href":"https:\/\/vss-unes.ch\/fr\/wp-json\/wp\/v2\/media?parent=14117"}],"wp:term":[{"taxonomy":"category","embeddable":true,"href":"https:\/\/vss-unes.ch\/fr\/wp-json\/wp\/v2\/categories?post=14117"},{"taxonomy":"post_tag","embeddable":true,"href":"https:\/\/vss-unes.ch\/fr\/wp-json\/wp\/v2\/tags?post=14117"}],"curies":[{"name":"wp","href":"https:\/\/api.w.org\/{rel}","templated":true}]}}