{"id":14191,"date":"2004-06-03T06:00:37","date_gmt":"2004-06-03T04:00:37","guid":{"rendered":"https:\/\/vss.michaelschaedler.li\/des-etudiant-e-s-en-faveur-des-taxes\/"},"modified":"2004-06-03T06:00:37","modified_gmt":"2004-06-03T04:00:37","slug":"des-etudiant-e-s-en-faveur-des-taxes","status":"publish","type":"post","link":"https:\/\/vss-unes.ch\/fr\/des-etudiant-e-s-en-faveur-des-taxes\/","title":{"rendered":"Des \u00e9tudiant-e-s en faveur des taxes?"},"content":{"rendered":"<p><strong>Une enqu\u00eate douteuse aux EPF et \u00e0 St Gall<\/strong><br \/>Communiqu\u00e9 de Presse du 3 juin 2004<br \/><a href=\"https:\/\/vss-unes.ch\/wp-content\/uploads\/2020\/07\/2004-06-03-f-gebuehren_vsh.pdf\" target=\"_blank\" rel=\"noopener noreferrer\"><strong>Communiqu\u00e9 de Presse en pdf<\/strong><\/a><\/p>\n","protected":false},"excerpt":{"rendered":"<p>Une enqu\u00eate douteuse aux EPF et \u00e0 St GallCommuniqu\u00e9 de Presse du 3 juin 2004Communiqu\u00e9 de Presse en pdf<\/p>\n","protected":false},"author":1,"featured_media":0,"comment_status":"open","ping_status":"closed","sticky":false,"template":"","format":"standard","meta":{"_acf_changed":false,"inline_featured_image":false,"_EventAllDay":false,"_EventTimezone":"","_EventStartDate":"","_EventEndDate":"","_EventStartDateUTC":"","_EventEndDateUTC":"","_EventShowMap":false,"_EventShowMapLink":false,"_EventURL":"","_EventCost":"","_EventCostDescription":"","_EventCurrencySymbol":"","_EventCurrencyCode":"","_EventCurrencyPosition":"","_EventDateTimeSeparator":"","_EventTimeRangeSeparator":"","_EventOrganizerID":[],"_EventVenueID":[],"_OrganizerEmail":"","_OrganizerPhone":"","_OrganizerWebsite":"","_VenueAddress":"","_VenueCity":"","_VenueCountry":"","_VenueProvince":"","_VenueState":"","_VenueZip":"","_VenuePhone":"","_VenueURL":"","_VenueStateProvince":"","_VenueLat":"","_VenueLng":"","_VenueShowMap":false,"_VenueShowMapLink":false,"wds_primary_category":0,"footnotes":"","_links_to":"","_links_to_target":""},"categories":[34],"tags":[],"class_list":["post-14191","post","type-post","status-publish","format-standard","hentry","category-non-classifiee"],"acf":[],"_links":{"self":[{"href":"https:\/\/vss-unes.ch\/fr\/wp-json\/wp\/v2\/posts\/14191","targetHints":{"allow":["GET"]}}],"collection":[{"href":"https:\/\/vss-unes.ch\/fr\/wp-json\/wp\/v2\/posts"}],"about":[{"href":"https:\/\/vss-unes.ch\/fr\/wp-json\/wp\/v2\/types\/post"}],"author":[{"embeddable":true,"href":"https:\/\/vss-unes.ch\/fr\/wp-json\/wp\/v2\/users\/1"}],"replies":[{"embeddable":true,"href":"https:\/\/vss-unes.ch\/fr\/wp-json\/wp\/v2\/comments?post=14191"}],"version-history":[{"count":0,"href":"https:\/\/vss-unes.ch\/fr\/wp-json\/wp\/v2\/posts\/14191\/revisions"}],"wp:attachment":[{"href":"https:\/\/vss-unes.ch\/fr\/wp-json\/wp\/v2\/media?parent=14191"}],"wp:term":[{"taxonomy":"category","embeddable":true,"href":"https:\/\/vss-unes.ch\/fr\/wp-json\/wp\/v2\/categories?post=14191"},{"taxonomy":"post_tag","embeddable":true,"href":"https:\/\/vss-unes.ch\/fr\/wp-json\/wp\/v2\/tags?post=14191"}],"curies":[{"name":"wp","href":"https:\/\/api.w.org\/{rel}","templated":true}]}}