{"id":14415,"date":"2016-05-27T06:05:46","date_gmt":"2016-05-27T04:05:46","guid":{"rendered":"https:\/\/vss.michaelschaedler.li\/lunes-recommande-le-rejet-de-linitiative-vache-a-lait\/"},"modified":"2016-05-27T06:05:46","modified_gmt":"2016-05-27T04:05:46","slug":"lunes-recommande-le-rejet-de-linitiative-vache-a-lait","status":"publish","type":"post","link":"https:\/\/vss-unes.ch\/fr\/lunes-recommande-le-rejet-de-linitiative-vache-a-lait\/","title":{"rendered":"L\u2019UNES recommande le rejet de l\u2019initiative Vache \u00e0 lait"},"content":{"rendered":"<p><strong>Le 5 juin prochain le peuple suisse se prononcera sur l\u2019initiative \u00ab Pour un financement \u00e9quitable \u00bb. L\u2019UNES s\u2019inqui\u00e8te des cons\u00e9quences sur l\u2019\u00e9ducation de ces mesures d\u2019aust\u00e9rit\u00e9.  Cette inqui\u00e9tude est exacerb\u00e9e au regard des mesures d\u2019aust\u00e9rit\u00e9 pr\u00e9vues par le programme de stabilisation du Conseil f\u00e9d\u00e9ral publi\u00e9 ce mercredi. C\u2019est pourquoi l\u2019union recommande de rejeter l\u2019initiative dite \u201cvache \u00e0 lait\u201d. <\/strong><\/p>\n<p>  L\u2019initiative \u00ab pour un financement \u00e9quitable \u00bb veut inscrire dans la Constitution que la taxe sur l\u2019essence soit utilis\u00e9e uniquement pour le financement des routes. Si l\u2019initiative est accept\u00e9e, un trou de 1.5 milliards de francs serait \u00e0 d\u00e9plorer dans les caisses f\u00e9d\u00e9rales. Selon le D\u00e9partement des Finances, l\u2019initiative conduirait \u00e0 des \u00e9conomies f\u00e9d\u00e9rales et cantonales dans les domaines de l\u2019\u00e9ducation et de la recherche \u00e0 hauteur de 415 millions de francs.   De plus, si le Parlement approuve le programme de stabilisation publi\u00e9 par le Conseil f\u00e9d\u00e9ral ce mercredi, 485.3 millions de francs manqueront pour l\u2019\u00e9ducation dans la caisse f\u00e9d\u00e9rale pour les trois prochaines ann\u00e9es.   Pour l\u2019UNES, les mesures d\u2019aust\u00e9rit\u00e9 dans l\u2019\u00e9ducation ne sont pas admissibles. Du point de vue de l\u2019union, la qualit\u00e9 et l\u2019accessibilit\u00e9 de l\u2019\u00e9ducation pour toutes et tous sont indispensable au fonctionnement de la soci\u00e9t\u00e9. Si le peuple suisse accepte l\u2019initiative \u201cVache \u00e0 lait\u201d, ces objectifs deviendraient des perspectives lointaines. \u201cLes cantons coupent d\u00e9j\u00e0 dans le budget de l\u2019\u00e9ducation \u00e0 un point tel que la qualit\u00e9 de nos \u00e9coles et universit\u00e9s est mise en danger.\u201d, explique Simone Widmer, membre de la Direction de l\u2019UNES. \u201cSi l\u2019initiative \u201cVache \u00e0 lait\u201d est accept\u00e9e, de concert avec les mesures d\u2019aust\u00e9rit\u00e9 de la Conf\u00e9d\u00e9ration, la d\u00e9gradation de nos institutions \u00e9ducatives semble in\u00e9vitable et le futur du paysage \u00e9ducatif Suisse s\u00e9rieusement compromis.\u201d   Pour ces raisons, l\u2019UNES recommande de rejeter l\u2019initiative \u201cVache \u00e0 lait\u201d le 5 juin prochain. Pas d\u2019avantages des coupes budg\u00e9taires \u2013 \u00e0 tous les niveaux! Parce que l\u2019\u00e9ducation est l\u2019avenir de la Suisse!  <a href=\"https:\/\/vss-unes.undefiniert.ch\/wp-content\/uploads\/2020\/07\/2016-05-27_CP_Initiative_vache_lait.pdf\">CP Initiative Vache \u00e0 lait<\/a><\/p>\n<p><\/strong><\/p>\n","protected":false},"excerpt":{"rendered":"<p>Le 5 juin prochain le peuple suisse se prononcera sur l\u2019initiative \u00ab Pour un financement \u00e9quitable \u00bb. L\u2019UNES s\u2019inqui\u00e8te des cons\u00e9quences sur l\u2019\u00e9ducation de ces mesures d\u2019aust\u00e9rit\u00e9. Cette inqui\u00e9tude est &#8230; <a title=\"L\u2019UNES recommande le rejet de l\u2019initiative Vache \u00e0 lait\" class=\"read-more\" href=\"https:\/\/vss-unes.ch\/fr\/lunes-recommande-le-rejet-de-linitiative-vache-a-lait\/\" aria-label=\"En savoir plus sur L\u2019UNES recommande le rejet de l\u2019initiative Vache \u00e0 lait\">Lire la suite<\/a><\/p>\n","protected":false},"author":1,"featured_media":0,"comment_status":"open","ping_status":"closed","sticky":false,"template":"","format":"standard","meta":{"_acf_changed":false,"inline_featured_image":false,"_EventAllDay":false,"_EventTimezone":"","_EventStartDate":"","_EventEndDate":"","_EventStartDateUTC":"","_EventEndDateUTC":"","_EventShowMap":false,"_EventShowMapLink":false,"_EventURL":"","_EventCost":"","_EventCostDescription":"","_EventCurrencySymbol":"","_EventCurrencyCode":"","_EventCurrencyPosition":"","_EventDateTimeSeparator":"","_EventTimeRangeSeparator":"","_EventOrganizerID":[],"_EventVenueID":[],"_OrganizerEmail":"","_OrganizerPhone":"","_OrganizerWebsite":"","_VenueAddress":"","_VenueCity":"","_VenueCountry":"","_VenueProvince":"","_VenueState":"","_VenueZip":"","_VenuePhone":"","_VenueURL":"","_VenueStateProvince":"","_VenueLat":"","_VenueLng":"","_VenueShowMap":false,"_VenueShowMapLink":false,"wds_primary_category":0,"footnotes":"","_links_to":"","_links_to_target":""},"categories":[130],"tags":[],"class_list":["post-14415","post","type-post","status-publish","format-standard","hentry","category-communiques-de-presse"],"acf":[],"_links":{"self":[{"href":"https:\/\/vss-unes.ch\/fr\/wp-json\/wp\/v2\/posts\/14415","targetHints":{"allow":["GET"]}}],"collection":[{"href":"https:\/\/vss-unes.ch\/fr\/wp-json\/wp\/v2\/posts"}],"about":[{"href":"https:\/\/vss-unes.ch\/fr\/wp-json\/wp\/v2\/types\/post"}],"author":[{"embeddable":true,"href":"https:\/\/vss-unes.ch\/fr\/wp-json\/wp\/v2\/users\/1"}],"replies":[{"embeddable":true,"href":"https:\/\/vss-unes.ch\/fr\/wp-json\/wp\/v2\/comments?post=14415"}],"version-history":[{"count":0,"href":"https:\/\/vss-unes.ch\/fr\/wp-json\/wp\/v2\/posts\/14415\/revisions"}],"wp:attachment":[{"href":"https:\/\/vss-unes.ch\/fr\/wp-json\/wp\/v2\/media?parent=14415"}],"wp:term":[{"taxonomy":"category","embeddable":true,"href":"https:\/\/vss-unes.ch\/fr\/wp-json\/wp\/v2\/categories?post=14415"},{"taxonomy":"post_tag","embeddable":true,"href":"https:\/\/vss-unes.ch\/fr\/wp-json\/wp\/v2\/tags?post=14415"}],"curies":[{"name":"wp","href":"https:\/\/api.w.org\/{rel}","templated":true}]}}