{"id":14443,"date":"2017-07-06T14:28:21","date_gmt":"2017-07-06T12:28:21","guid":{"rendered":"https:\/\/vss.michaelschaedler.li\/echec-en-vue-pour-le-concordat-sur-les-bourses-detudes\/"},"modified":"2017-07-06T14:28:21","modified_gmt":"2017-07-06T12:28:21","slug":"echec-en-vue-pour-le-concordat-sur-les-bourses-detudes","status":"publish","type":"post","link":"https:\/\/vss-unes.ch\/fr\/echec-en-vue-pour-le-concordat-sur-les-bourses-detudes\/","title":{"rendered":"Echec en vue pour le concordat sur les bourses d\u2019\u00e9tudes ?"},"content":{"rendered":"<p><strong>L\u2019exemple du canton de Lucerne montre que le concordat sur les bourses d\u2019\u00e9tudes risque d\u2019\u00e9chouer : fin juin, le gouvernement lucernois a annonc\u00e9 sa volont\u00e9 de couper le budget pour les bourses et les pr\u00eats de cette ann\u00e9e, signifiant ainsi une baisse de pr\u00e8s de 27 % des d\u00e9penses pour les aides \u00e0 la formation, depuis son adh\u00e9sion au concordat sur les bourses d\u2019\u00e9tudes. L\u2019Union des \u00e9tudiant-e-s de Suisse (UNES) demande \u00e0 la Conf\u00e9rence suisse des directeurs cantonaux de l&rsquo;instruction publique (CDIP) de renforcer les r\u00e8gles du concordat afin d\u2019atteindre le but de l\u2019harmonisation du syst\u00e8me des bourses d\u2019\u00e9tudes.<a href=\"https:\/\/vss-unes.ch\/wp-content\/uploads\/2020\/07\/2017-07-06_f_CP_concordat-bourses_LU.pdf\">CP concordat bourses<\/a><\/strong><\/p>\n","protected":false},"excerpt":{"rendered":"<p>L\u2019exemple du canton de Lucerne montre que le concordat sur les bourses d\u2019\u00e9tudes risque d\u2019\u00e9chouer : fin juin, le gouvernement lucernois a annonc\u00e9 sa volont\u00e9 de couper le budget pour &#8230; <a title=\"Echec en vue pour le concordat sur les bourses d\u2019\u00e9tudes ?\" class=\"read-more\" href=\"https:\/\/vss-unes.ch\/fr\/echec-en-vue-pour-le-concordat-sur-les-bourses-detudes\/\" aria-label=\"En savoir plus sur Echec en vue pour le concordat sur les bourses d\u2019\u00e9tudes ?\">Lire la suite<\/a><\/p>\n","protected":false},"author":1,"featured_media":0,"comment_status":"open","ping_status":"closed","sticky":false,"template":"","format":"standard","meta":{"_acf_changed":false,"inline_featured_image":false,"_EventAllDay":false,"_EventTimezone":"","_EventStartDate":"","_EventEndDate":"","_EventStartDateUTC":"","_EventEndDateUTC":"","_EventShowMap":false,"_EventShowMapLink":false,"_EventURL":"","_EventCost":"","_EventCostDescription":"","_EventCurrencySymbol":"","_EventCurrencyCode":"","_EventCurrencyPosition":"","_EventDateTimeSeparator":"","_EventTimeRangeSeparator":"","_EventOrganizerID":[],"_EventVenueID":[],"_OrganizerEmail":"","_OrganizerPhone":"","_OrganizerWebsite":"","_VenueAddress":"","_VenueCity":"","_VenueCountry":"","_VenueProvince":"","_VenueState":"","_VenueZip":"","_VenuePhone":"","_VenueURL":"","_VenueStateProvince":"","_VenueLat":"","_VenueLng":"","_VenueShowMap":false,"_VenueShowMapLink":false,"wds_primary_category":0,"footnotes":"","_links_to":"","_links_to_target":""},"categories":[130],"tags":[],"class_list":["post-14443","post","type-post","status-publish","format-standard","hentry","category-communiques-de-presse"],"acf":[],"_links":{"self":[{"href":"https:\/\/vss-unes.ch\/fr\/wp-json\/wp\/v2\/posts\/14443","targetHints":{"allow":["GET"]}}],"collection":[{"href":"https:\/\/vss-unes.ch\/fr\/wp-json\/wp\/v2\/posts"}],"about":[{"href":"https:\/\/vss-unes.ch\/fr\/wp-json\/wp\/v2\/types\/post"}],"author":[{"embeddable":true,"href":"https:\/\/vss-unes.ch\/fr\/wp-json\/wp\/v2\/users\/1"}],"replies":[{"embeddable":true,"href":"https:\/\/vss-unes.ch\/fr\/wp-json\/wp\/v2\/comments?post=14443"}],"version-history":[{"count":0,"href":"https:\/\/vss-unes.ch\/fr\/wp-json\/wp\/v2\/posts\/14443\/revisions"}],"wp:attachment":[{"href":"https:\/\/vss-unes.ch\/fr\/wp-json\/wp\/v2\/media?parent=14443"}],"wp:term":[{"taxonomy":"category","embeddable":true,"href":"https:\/\/vss-unes.ch\/fr\/wp-json\/wp\/v2\/categories?post=14443"},{"taxonomy":"post_tag","embeddable":true,"href":"https:\/\/vss-unes.ch\/fr\/wp-json\/wp\/v2\/tags?post=14443"}],"curies":[{"name":"wp","href":"https:\/\/api.w.org\/{rel}","templated":true}]}}