{"id":14570,"date":"2021-01-06T16:36:29","date_gmt":"2021-01-06T15:36:29","guid":{"rendered":"https:\/\/vss.michaelschaedler.li\/revendications-des-etudiant%c2%b7e%c2%b7s-aupres-les-hautes-ecoles-pour-le-semestre-dautomne-2020\/"},"modified":"2021-01-06T16:36:29","modified_gmt":"2021-01-06T15:36:29","slug":"revendications-des-etudiant%c2%b7e%c2%b7s-aupres-les-hautes-ecoles-pour-le-semestre-dautomne-2020","status":"publish","type":"post","link":"https:\/\/vss-unes.ch\/fr\/revendications-des-etudiant%c2%b7e%c2%b7s-aupres-les-hautes-ecoles-pour-le-semestre-dautomne-2020\/","title":{"rendered":"\u00ab Revendications des \u00e9tudiant\u00b7e\u00b7s aupr\u00e8s les hautes \u00e9coles pour le semestre d\u2019automne 2020 \u00bb"},"content":{"rendered":"<p><em>\u00c9labor\u00e9 et r\u00e9dig\u00e9 par le Comit\u00e9 ex\u00e9cutif de l\u2019union en collaboration avec les Sections, et soumis au vote de l\u2019Assembl\u00e9e des d\u00e9l\u00e9gu\u00e9\u00b7e\u00b7s. Accept\u00e9e par l\u2019 Assembl\u00e9e des d\u00e9l\u00e9gu\u00e9\u00b7e\u00b7s du 4 juillet 2020.<\/em><\/p>\n<p>La crise du Covid-19 a eu un impact fort sur le fonctionnement des services des hautes \u00e9coles pendant le semestre pass\u00e9. Du point de vue des \u00e9tudiant\u00b7e\u00b7s, la pand\u00e9mie de Covid-19 s\u2019est faite remarquer par la disparition de l\u2019enseignement en pr\u00e9sentiel, une croissance rapide de la num\u00e9risation et des probl\u00e8mes financiers dus \u00e0 la perte de leur emploi d\u2019\u00e9tudiant\u00b7e\u00b7s. Cela aura aussi probablement des cons\u00e9quences sur le long terme. La modification des premiers cours en le\u00e7ons num\u00e9riques s\u2019est faite de mani\u00e8re efficace dans la plupart des hautes \u00e9coles. Dans un laps de temps tr\u00e8s court, les alternatives num\u00e9riques les plus importantes ont \u00e9t\u00e9 mises \u00e0 disposition. Sur ce point, les \u00e9tudiant\u00b7e\u00b7s ont \u00e9t\u00e9 tr\u00e8s reconnaissant\u00b7e\u00b7s.<\/p>\n<p>\u00ab <a href=\"https:\/\/vss-unes.ch\/wp-content\/uploads\/2021\/04\/2020-08-24_Resolution_SA2020.pdf\" rel=\"noopener\" target=\"_blank\">Revendications<\/a> des \u00e9tudiant\u00b7e\u00b7s aupr\u00e8s les hautes \u00e9coles pour le semestre d\u2019automne 2020 \u00bb<\/p>\n","protected":false},"excerpt":{"rendered":"<p>\u00c9labor\u00e9 et r\u00e9dig\u00e9 par le Comit\u00e9 ex\u00e9cutif de l\u2019union en collaboration avec les Sections, et soumis au vote de l\u2019Assembl\u00e9e des d\u00e9l\u00e9gu\u00e9\u00b7e\u00b7s. Accept\u00e9e par l\u2019 Assembl\u00e9e des d\u00e9l\u00e9gu\u00e9\u00b7e\u00b7s du 4 &#8230; <a title=\"\u00ab Revendications des \u00e9tudiant\u00b7e\u00b7s aupr\u00e8s les hautes \u00e9coles pour le semestre d\u2019automne 2020 \u00bb\" class=\"read-more\" href=\"https:\/\/vss-unes.ch\/fr\/revendications-des-etudiant%c2%b7e%c2%b7s-aupres-les-hautes-ecoles-pour-le-semestre-dautomne-2020\/\" aria-label=\"En savoir plus sur \u00ab Revendications des \u00e9tudiant\u00b7e\u00b7s aupr\u00e8s les hautes \u00e9coles pour le semestre d\u2019automne 2020 \u00bb\">Lire la suite<\/a><\/p>\n","protected":false},"author":1,"featured_media":0,"comment_status":"open","ping_status":"closed","sticky":false,"template":"","format":"standard","meta":{"_acf_changed":false,"inline_featured_image":false,"_EventAllDay":false,"_EventTimezone":"","_EventStartDate":"","_EventEndDate":"","_EventStartDateUTC":"","_EventEndDateUTC":"","_EventShowMap":false,"_EventShowMapLink":false,"_EventURL":"","_EventCost":"","_EventCostDescription":"","_EventCurrencySymbol":"","_EventCurrencyCode":"","_EventCurrencyPosition":"","_EventDateTimeSeparator":"","_EventTimeRangeSeparator":"","_EventOrganizerID":[],"_EventVenueID":[],"_OrganizerEmail":"","_OrganizerPhone":"","_OrganizerWebsite":"","_VenueAddress":"","_VenueCity":"","_VenueCountry":"","_VenueProvince":"","_VenueState":"","_VenueZip":"","_VenuePhone":"","_VenueURL":"","_VenueStateProvince":"","_VenueLat":"","_VenueLng":"","_VenueShowMap":false,"_VenueShowMapLink":false,"wds_primary_category":0,"footnotes":"","_links_to":"","_links_to_target":""},"categories":[131],"tags":[],"class_list":["post-14570","post","type-post","status-publish","format-standard","hentry","category-resolutions"],"acf":[],"_links":{"self":[{"href":"https:\/\/vss-unes.ch\/fr\/wp-json\/wp\/v2\/posts\/14570","targetHints":{"allow":["GET"]}}],"collection":[{"href":"https:\/\/vss-unes.ch\/fr\/wp-json\/wp\/v2\/posts"}],"about":[{"href":"https:\/\/vss-unes.ch\/fr\/wp-json\/wp\/v2\/types\/post"}],"author":[{"embeddable":true,"href":"https:\/\/vss-unes.ch\/fr\/wp-json\/wp\/v2\/users\/1"}],"replies":[{"embeddable":true,"href":"https:\/\/vss-unes.ch\/fr\/wp-json\/wp\/v2\/comments?post=14570"}],"version-history":[{"count":0,"href":"https:\/\/vss-unes.ch\/fr\/wp-json\/wp\/v2\/posts\/14570\/revisions"}],"wp:attachment":[{"href":"https:\/\/vss-unes.ch\/fr\/wp-json\/wp\/v2\/media?parent=14570"}],"wp:term":[{"taxonomy":"category","embeddable":true,"href":"https:\/\/vss-unes.ch\/fr\/wp-json\/wp\/v2\/categories?post=14570"},{"taxonomy":"post_tag","embeddable":true,"href":"https:\/\/vss-unes.ch\/fr\/wp-json\/wp\/v2\/tags?post=14570"}],"curies":[{"name":"wp","href":"https:\/\/api.w.org\/{rel}","templated":true}]}}