{"id":14628,"date":"2021-09-28T16:22:20","date_gmt":"2021-09-28T14:22:20","guid":{"rendered":"https:\/\/vss.michaelschaedler.li\/etude-de-lofev-la-majorite-des-etudiant%c2%b7e%c2%b7s-veut-plus-de-developpement-durable-au-sein-des-hautes-ecoles\/"},"modified":"2021-09-28T16:22:20","modified_gmt":"2021-09-28T14:22:20","slug":"etude-de-lofev-la-majorite-des-etudiant%c2%b7e%c2%b7s-veut-plus-de-developpement-durable-au-sein-des-hautes-ecoles","status":"publish","type":"post","link":"https:\/\/vss-unes.ch\/fr\/etude-de-lofev-la-majorite-des-etudiant%c2%b7e%c2%b7s-veut-plus-de-developpement-durable-au-sein-des-hautes-ecoles\/","title":{"rendered":"\u00c9tude de l\u2019OFEV : la majorit\u00e9 des \u00e9tudiant\u00b7e\u00b7s veut plus de d\u00e9veloppement durable au sein des hautes \u00e9coles"},"content":{"rendered":"<p>D\u2019apr\u00e8s une nouvelle <a href=\"https:\/\/www.bafu.admin.ch\/bafu\/fr\/home\/themes\/formation\/education-a-l-environnement\/enseignement-superieur.html\" rel=\"noopener\" target=\"_blank\">\u00e9tude<\/a> men\u00e9e en Suisse par l&rsquo;Office f\u00e9d\u00e9ral de l&rsquo;environnement (OFEV), les \u00e9tudiant\u00b7e\u00b7s souhaitent acqu\u00e9rir des connaissances et des comp\u00e9tences en mati\u00e8re de d\u00e9veloppement durable. Ils et elles aimeraient en effet que le d\u00e9veloppement durable soit davantage pris en compte dans leurs hautes \u00e9coles et dans leurs programmes d&rsquo;\u00e9tudes.<\/p>\n<p><a href=\"https:\/\/vss-unes.ch\/wp-content\/uploads\/2021\/09\/2021-09-23_CP_sondage-sur-le-DD.pdf\" rel=\"noopener\" target=\"_blank\">Communiqu\u00e9 de presse du 23.09.2021<\/a><\/p>\n","protected":false},"excerpt":{"rendered":"<p>D\u2019apr\u00e8s une nouvelle \u00e9tude men\u00e9e en Suisse par l&rsquo;Office f\u00e9d\u00e9ral de l&rsquo;environnement (OFEV), les \u00e9tudiant\u00b7e\u00b7s souhaitent acqu\u00e9rir des connaissances et des comp\u00e9tences en mati\u00e8re de d\u00e9veloppement durable. Ils et elles &#8230; <a title=\"\u00c9tude de l\u2019OFEV : la majorit\u00e9 des \u00e9tudiant\u00b7e\u00b7s veut plus de d\u00e9veloppement durable au sein des hautes \u00e9coles\" class=\"read-more\" href=\"https:\/\/vss-unes.ch\/fr\/etude-de-lofev-la-majorite-des-etudiant%c2%b7e%c2%b7s-veut-plus-de-developpement-durable-au-sein-des-hautes-ecoles\/\" aria-label=\"En savoir plus sur \u00c9tude de l\u2019OFEV : la majorit\u00e9 des \u00e9tudiant\u00b7e\u00b7s veut plus de d\u00e9veloppement durable au sein des hautes \u00e9coles\">Lire la suite<\/a><\/p>\n","protected":false},"author":1,"featured_media":0,"comment_status":"open","ping_status":"closed","sticky":false,"template":"","format":"standard","meta":{"_acf_changed":false,"inline_featured_image":false,"_EventAllDay":false,"_EventTimezone":"","_EventStartDate":"","_EventEndDate":"","_EventStartDateUTC":"","_EventEndDateUTC":"","_EventShowMap":false,"_EventShowMapLink":false,"_EventURL":"","_EventCost":"","_EventCostDescription":"","_EventCurrencySymbol":"","_EventCurrencyCode":"","_EventCurrencyPosition":"","_EventDateTimeSeparator":"","_EventTimeRangeSeparator":"","_EventOrganizerID":[],"_EventVenueID":[],"_OrganizerEmail":"","_OrganizerPhone":"","_OrganizerWebsite":"","_VenueAddress":"","_VenueCity":"","_VenueCountry":"","_VenueProvince":"","_VenueState":"","_VenueZip":"","_VenuePhone":"","_VenueURL":"","_VenueStateProvince":"","_VenueLat":"","_VenueLng":"","_VenueShowMap":false,"_VenueShowMapLink":false,"wds_primary_category":0,"footnotes":"","_links_to":"","_links_to_target":""},"categories":[130],"tags":[],"class_list":["post-14628","post","type-post","status-publish","format-standard","hentry","category-communiques-de-presse"],"acf":[],"_links":{"self":[{"href":"https:\/\/vss-unes.ch\/fr\/wp-json\/wp\/v2\/posts\/14628","targetHints":{"allow":["GET"]}}],"collection":[{"href":"https:\/\/vss-unes.ch\/fr\/wp-json\/wp\/v2\/posts"}],"about":[{"href":"https:\/\/vss-unes.ch\/fr\/wp-json\/wp\/v2\/types\/post"}],"author":[{"embeddable":true,"href":"https:\/\/vss-unes.ch\/fr\/wp-json\/wp\/v2\/users\/1"}],"replies":[{"embeddable":true,"href":"https:\/\/vss-unes.ch\/fr\/wp-json\/wp\/v2\/comments?post=14628"}],"version-history":[{"count":0,"href":"https:\/\/vss-unes.ch\/fr\/wp-json\/wp\/v2\/posts\/14628\/revisions"}],"wp:attachment":[{"href":"https:\/\/vss-unes.ch\/fr\/wp-json\/wp\/v2\/media?parent=14628"}],"wp:term":[{"taxonomy":"category","embeddable":true,"href":"https:\/\/vss-unes.ch\/fr\/wp-json\/wp\/v2\/categories?post=14628"},{"taxonomy":"post_tag","embeddable":true,"href":"https:\/\/vss-unes.ch\/fr\/wp-json\/wp\/v2\/tags?post=14628"}],"curies":[{"name":"wp","href":"https:\/\/api.w.org\/{rel}","templated":true}]}}