{"id":14659,"date":"2022-03-02T15:15:32","date_gmt":"2022-03-02T14:15:32","guid":{"rendered":"https:\/\/vss.michaelschaedler.li\/prise-de-position-du-comite-executif-de-lunes-sur-la-guerre-en-ukraine\/"},"modified":"2025-07-04T16:57:53","modified_gmt":"2025-07-04T14:57:53","slug":"prise-de-position-du-comite-executif-de-lunes-sur-la-guerre-en-ukraine","status":"publish","type":"post","link":"https:\/\/vss-unes.ch\/fr\/prise-de-position-du-comite-executif-de-lunes-sur-la-guerre-en-ukraine\/","title":{"rendered":"Prise de position du Comit\u00e9 ex\u00e9cutif de l\u2019UNES sur la guerre en Ukraine"},"content":{"rendered":"<p>L\u2019Union des \u00c9tudiant\u00b7e\u00b7s de Suisses (UNES) est aux c\u00f4t\u00e9s des \u00e9tudiant-e-s d\u2019Ukraine et de l\u2019Association ukrainienne des \u00e9tudiant-e-s en ces temps difficiles. Nous sommes constern\u00e9s par les \u00e9v\u00e9nements en cours et condamnons fermement l\u2019invasion de la F\u00e9d\u00e9ration de Russie en Ukraine, qui constitue une grande menace pour les droits humains. Nous demandons \u00e0 notre gouvernement de se mobiliser et de fournir une assistance \u00e0 toutes et tous les \u00e9tudiant-e-s d\u00e9sireux de fuir le pays et de trouver refuge en Suisse.<\/p>\n<p><a href=\"https:\/\/vss-unes.ch\/wp-content\/uploads\/2022\/02\/2022-02-28_decleration_Ukraine_UNES.pdf\" target=\"_blank\" rel=\"noopener\">Prise de position du Comit\u00e9 ex\u00e9cutif de l\u2019UNES du 28.02.2022<\/a><\/p>\n<p><a href=\"https:\/\/vss-unes.ch\/wp-content\/uploads\/2022\/03\/UAS-letter.pdf\">Donation UAS &#8211; Ukrainian Association of Students<\/a><\/p>\n<p><a href=\"https:\/\/www.youtube.com\/watch?v=L5CUL741B-4\">Ukraine crisis discussion &#8211; what now? A students perspective<\/a><\/p>\n","protected":false},"excerpt":{"rendered":"<p>L\u2019Union des \u00c9tudiant\u00b7e\u00b7s de Suisses (UNES) est aux c\u00f4t\u00e9s des \u00e9tudiant-e-s d\u2019Ukraine et de l\u2019Association ukrainienne des \u00e9tudiant-e-s en ces temps difficiles. Nous sommes constern\u00e9s par les \u00e9v\u00e9nements en cours &#8230; <a title=\"Prise de position du Comit\u00e9 ex\u00e9cutif de l\u2019UNES sur la guerre en Ukraine\" class=\"read-more\" href=\"https:\/\/vss-unes.ch\/fr\/prise-de-position-du-comite-executif-de-lunes-sur-la-guerre-en-ukraine\/\" aria-label=\"En savoir plus sur Prise de position du Comit\u00e9 ex\u00e9cutif de l\u2019UNES sur la guerre en Ukraine\">Lire la suite<\/a><\/p>\n","protected":false},"author":1,"featured_media":0,"comment_status":"open","ping_status":"closed","sticky":false,"template":"","format":"standard","meta":{"_acf_changed":false,"inline_featured_image":false,"_EventAllDay":false,"_EventTimezone":"","_EventStartDate":"","_EventEndDate":"","_EventStartDateUTC":"","_EventEndDateUTC":"","_EventShowMap":false,"_EventShowMapLink":false,"_EventURL":"","_EventCost":"","_EventCostDescription":"","_EventCurrencySymbol":"","_EventCurrencyCode":"","_EventCurrencyPosition":"","_EventDateTimeSeparator":"","_EventTimeRangeSeparator":"","_EventOrganizerID":[],"_EventVenueID":[],"_OrganizerEmail":"","_OrganizerPhone":"","_OrganizerWebsite":"","_VenueAddress":"","_VenueCity":"","_VenueCountry":"","_VenueProvince":"","_VenueState":"","_VenueZip":"","_VenuePhone":"","_VenueURL":"","_VenueStateProvince":"","_VenueLat":"","_VenueLng":"","_VenueShowMap":false,"_VenueShowMapLink":false,"wds_primary_category":0,"footnotes":"","_links_to":"","_links_to_target":""},"categories":[34],"tags":[],"class_list":["post-14659","post","type-post","status-publish","format-standard","hentry","category-non-classifiee"],"acf":[],"_links":{"self":[{"href":"https:\/\/vss-unes.ch\/fr\/wp-json\/wp\/v2\/posts\/14659","targetHints":{"allow":["GET"]}}],"collection":[{"href":"https:\/\/vss-unes.ch\/fr\/wp-json\/wp\/v2\/posts"}],"about":[{"href":"https:\/\/vss-unes.ch\/fr\/wp-json\/wp\/v2\/types\/post"}],"author":[{"embeddable":true,"href":"https:\/\/vss-unes.ch\/fr\/wp-json\/wp\/v2\/users\/1"}],"replies":[{"embeddable":true,"href":"https:\/\/vss-unes.ch\/fr\/wp-json\/wp\/v2\/comments?post=14659"}],"version-history":[{"count":1,"href":"https:\/\/vss-unes.ch\/fr\/wp-json\/wp\/v2\/posts\/14659\/revisions"}],"predecessor-version":[{"id":14795,"href":"https:\/\/vss-unes.ch\/fr\/wp-json\/wp\/v2\/posts\/14659\/revisions\/14795"}],"wp:attachment":[{"href":"https:\/\/vss-unes.ch\/fr\/wp-json\/wp\/v2\/media?parent=14659"}],"wp:term":[{"taxonomy":"category","embeddable":true,"href":"https:\/\/vss-unes.ch\/fr\/wp-json\/wp\/v2\/categories?post=14659"},{"taxonomy":"post_tag","embeddable":true,"href":"https:\/\/vss-unes.ch\/fr\/wp-json\/wp\/v2\/tags?post=14659"}],"curies":[{"name":"wp","href":"https:\/\/api.w.org\/{rel}","templated":true}]}}