{"id":14672,"date":"2022-08-25T08:28:47","date_gmt":"2022-08-25T06:28:47","guid":{"rendered":"https:\/\/vss.michaelschaedler.li\/students-at-risk-lancement-du-projet-pour-la-protection-de-la-liberte-deducation\/"},"modified":"2022-08-25T08:28:47","modified_gmt":"2022-08-25T06:28:47","slug":"students-at-risk-lancement-du-projet-pour-la-protection-de-la-liberte-deducation","status":"publish","type":"post","link":"https:\/\/vss-unes.ch\/fr\/students-at-risk-lancement-du-projet-pour-la-protection-de-la-liberte-deducation\/","title":{"rendered":"Students at Risk \u2013  Lancement du projet pour la protection de la libert\u00e9 d\u2019\u00e9ducation"},"content":{"rendered":"<p>Des licenciements, des enl\u00e8vements et des assassinats d\u2019\u00e9tudiant\u00b7e\u00b7s. Partout dans le monde, les \u00e9tablissements de formation sont sous pression. Rien qu\u2019entre janvier 2011 et ao\u00fbt 2021, 2150 attaques sur des \u00e9tudiant\u00b7e\u00b7s et des chercheur\u00b7se\u00b7s ont \u00e9t\u00e9 signal\u00e9es dans le monde. Le nombre de cas non recens\u00e9s est \u00e9lev\u00e9. Avec \u00ab Students at Risk \u00bb, l\u2019Union des \u00c9tudiant\u00b7e\u00b7s de Suisse UNES lance un projet dont le but est de cr\u00e9er un r\u00e9seau de soutien pour les \u00e9tudiant\u00b7e\u00b7s et doctorant\u00b7e\u00b7s pers\u00e9cut\u00e9\u00b7e\u00b7s.<\/p>\n<p> <a href=\"https:\/\/vss-unes.ch\/wp-content\/uploads\/2022\/08\/2022-08-24_CP_projet-Students-at-Risk-1-1.pdf\" rel=\"noopener\" target=\"_blank\">Communiqu\u00e9 de presse du 24.08.202<\/a><\/p>\n","protected":false},"excerpt":{"rendered":"<p>Des licenciements, des enl\u00e8vements et des assassinats d\u2019\u00e9tudiant\u00b7e\u00b7s. Partout dans le monde, les \u00e9tablissements de formation sont sous pression. Rien qu\u2019entre janvier 2011 et ao\u00fbt 2021, 2150 attaques sur des &#8230; <a title=\"Students at Risk \u2013  Lancement du projet pour la protection de la libert\u00e9 d\u2019\u00e9ducation\" class=\"read-more\" href=\"https:\/\/vss-unes.ch\/fr\/students-at-risk-lancement-du-projet-pour-la-protection-de-la-liberte-deducation\/\" aria-label=\"En savoir plus sur Students at Risk \u2013  Lancement du projet pour la protection de la libert\u00e9 d\u2019\u00e9ducation\">Lire la suite<\/a><\/p>\n","protected":false},"author":1,"featured_media":0,"comment_status":"open","ping_status":"closed","sticky":false,"template":"","format":"standard","meta":{"_acf_changed":false,"inline_featured_image":false,"_EventAllDay":false,"_EventTimezone":"","_EventStartDate":"","_EventEndDate":"","_EventStartDateUTC":"","_EventEndDateUTC":"","_EventShowMap":false,"_EventShowMapLink":false,"_EventURL":"","_EventCost":"","_EventCostDescription":"","_EventCurrencySymbol":"","_EventCurrencyCode":"","_EventCurrencyPosition":"","_EventDateTimeSeparator":"","_EventTimeRangeSeparator":"","_EventOrganizerID":[],"_EventVenueID":[],"_OrganizerEmail":"","_OrganizerPhone":"","_OrganizerWebsite":"","_VenueAddress":"","_VenueCity":"","_VenueCountry":"","_VenueProvince":"","_VenueState":"","_VenueZip":"","_VenuePhone":"","_VenueURL":"","_VenueStateProvince":"","_VenueLat":"","_VenueLng":"","_VenueShowMap":false,"_VenueShowMapLink":false,"wds_primary_category":0,"footnotes":"","_links_to":"","_links_to_target":""},"categories":[130],"tags":[],"class_list":["post-14672","post","type-post","status-publish","format-standard","hentry","category-communiques-de-presse"],"acf":[],"_links":{"self":[{"href":"https:\/\/vss-unes.ch\/fr\/wp-json\/wp\/v2\/posts\/14672","targetHints":{"allow":["GET"]}}],"collection":[{"href":"https:\/\/vss-unes.ch\/fr\/wp-json\/wp\/v2\/posts"}],"about":[{"href":"https:\/\/vss-unes.ch\/fr\/wp-json\/wp\/v2\/types\/post"}],"author":[{"embeddable":true,"href":"https:\/\/vss-unes.ch\/fr\/wp-json\/wp\/v2\/users\/1"}],"replies":[{"embeddable":true,"href":"https:\/\/vss-unes.ch\/fr\/wp-json\/wp\/v2\/comments?post=14672"}],"version-history":[{"count":0,"href":"https:\/\/vss-unes.ch\/fr\/wp-json\/wp\/v2\/posts\/14672\/revisions"}],"wp:attachment":[{"href":"https:\/\/vss-unes.ch\/fr\/wp-json\/wp\/v2\/media?parent=14672"}],"wp:term":[{"taxonomy":"category","embeddable":true,"href":"https:\/\/vss-unes.ch\/fr\/wp-json\/wp\/v2\/categories?post=14672"},{"taxonomy":"post_tag","embeddable":true,"href":"https:\/\/vss-unes.ch\/fr\/wp-json\/wp\/v2\/tags?post=14672"}],"curies":[{"name":"wp","href":"https:\/\/api.w.org\/{rel}","templated":true}]}}