{"id":14674,"date":"2022-09-20T08:58:09","date_gmt":"2022-09-20T06:58:09","guid":{"rendered":"https:\/\/vss.michaelschaedler.li\/conflit-ukrainien-quelle-sera-la-suite-pour-les-etudiant%c2%b7e%c2%b7s-perspectives-etudes-continue-a-sengager-pour-les-refugie%c2%b7e%c2%b7s-hautement-qualifie%c2%b7e%c2%b7s\/"},"modified":"2022-09-20T08:58:09","modified_gmt":"2022-09-20T06:58:09","slug":"conflit-ukrainien-quelle-sera-la-suite-pour-les-etudiant%c2%b7e%c2%b7s-perspectives-etudes-continue-a-sengager-pour-les-refugie%c2%b7e%c2%b7s-hautement-qualifie%c2%b7e%c2%b7s","status":"publish","type":"post","link":"https:\/\/vss-unes.ch\/fr\/conflit-ukrainien-quelle-sera-la-suite-pour-les-etudiant%c2%b7e%c2%b7s-perspectives-etudes-continue-a-sengager-pour-les-refugie%c2%b7e%c2%b7s-hautement-qualifie%c2%b7e%c2%b7s\/","title":{"rendered":"Conflit ukrainien : quelle sera la suite pour les \u00e9tudiant\u00b7e\u00b7s ? Perspectives \u2013 \u00c9tudes continue \u00e0 s&rsquo;engager pour les r\u00e9fugi\u00e9\u00b7e\u00b7s hautement qualifi\u00e9\u00b7e\u00b7s."},"content":{"rendered":"<p>De nombreux et nombreuses r\u00e9fugi\u00e9\u00b7e\u00b7s apportent avec eux une formation de qualit\u00e9. Pour pouvoir mettre \u00e0 profit leur potentiel en Suisse et organiser leur vie de mani\u00e8re autonome, ils et elles ont besoin de plus de soutien. Avec le projet Perspectives &#8211; Etudes, l&rsquo;Union des \u00e9tudiant\u00b7e\u00b7s de Suisse (UNES) s&rsquo;engage depuis 2016 pour que les personnes en fuite qualifi\u00e9es aient acc\u00e8s aux hautes \u00e9coles suisses. La situation actuelle montre \u00e0 quel point cela est important. Chaque jour, des fugitifs\u00b7ves arrivent en Suisse en provenance d&rsquo;Ukraine et de Russie, mais aussi d&rsquo;autres pays comme l&rsquo;Afghanistan ou la Syrie. Nombre d\u2019entre elles et eux ont d\u00fb quitter leur universit\u00e9 ou n&rsquo;ont pas pu commencer leurs \u00e9tudes.<\/p>\n<p><a href=\"https:\/\/vss-unes.ch\/wp-content\/uploads\/2022\/09\/2022-09-14_CP_PerStu-3.0.pdf\">Communiqu\u00e9 de presse du 13.09.2022<\/a><\/p>\n","protected":false},"excerpt":{"rendered":"<p>De nombreux et nombreuses r\u00e9fugi\u00e9\u00b7e\u00b7s apportent avec eux une formation de qualit\u00e9. Pour pouvoir mettre \u00e0 profit leur potentiel en Suisse et organiser leur vie de mani\u00e8re autonome, ils et &#8230; <a title=\"Conflit ukrainien : quelle sera la suite pour les \u00e9tudiant\u00b7e\u00b7s ? Perspectives \u2013 \u00c9tudes continue \u00e0 s&rsquo;engager pour les r\u00e9fugi\u00e9\u00b7e\u00b7s hautement qualifi\u00e9\u00b7e\u00b7s.\" class=\"read-more\" href=\"https:\/\/vss-unes.ch\/fr\/conflit-ukrainien-quelle-sera-la-suite-pour-les-etudiant%c2%b7e%c2%b7s-perspectives-etudes-continue-a-sengager-pour-les-refugie%c2%b7e%c2%b7s-hautement-qualifie%c2%b7e%c2%b7s\/\" aria-label=\"En savoir plus sur Conflit ukrainien : quelle sera la suite pour les \u00e9tudiant\u00b7e\u00b7s ? Perspectives \u2013 \u00c9tudes continue \u00e0 s&rsquo;engager pour les r\u00e9fugi\u00e9\u00b7e\u00b7s hautement qualifi\u00e9\u00b7e\u00b7s.\">Lire la suite<\/a><\/p>\n","protected":false},"author":1,"featured_media":0,"comment_status":"open","ping_status":"closed","sticky":false,"template":"","format":"standard","meta":{"_acf_changed":false,"inline_featured_image":false,"_EventAllDay":false,"_EventTimezone":"","_EventStartDate":"","_EventEndDate":"","_EventStartDateUTC":"","_EventEndDateUTC":"","_EventShowMap":false,"_EventShowMapLink":false,"_EventURL":"","_EventCost":"","_EventCostDescription":"","_EventCurrencySymbol":"","_EventCurrencyCode":"","_EventCurrencyPosition":"","_EventDateTimeSeparator":"","_EventTimeRangeSeparator":"","_EventOrganizerID":[],"_EventVenueID":[],"_OrganizerEmail":"","_OrganizerPhone":"","_OrganizerWebsite":"","_VenueAddress":"","_VenueCity":"","_VenueCountry":"","_VenueProvince":"","_VenueState":"","_VenueZip":"","_VenuePhone":"","_VenueURL":"","_VenueStateProvince":"","_VenueLat":"","_VenueLng":"","_VenueShowMap":false,"_VenueShowMapLink":false,"wds_primary_category":0,"footnotes":"","_links_to":"","_links_to_target":""},"categories":[130],"tags":[],"class_list":["post-14674","post","type-post","status-publish","format-standard","hentry","category-communiques-de-presse"],"acf":[],"_links":{"self":[{"href":"https:\/\/vss-unes.ch\/fr\/wp-json\/wp\/v2\/posts\/14674","targetHints":{"allow":["GET"]}}],"collection":[{"href":"https:\/\/vss-unes.ch\/fr\/wp-json\/wp\/v2\/posts"}],"about":[{"href":"https:\/\/vss-unes.ch\/fr\/wp-json\/wp\/v2\/types\/post"}],"author":[{"embeddable":true,"href":"https:\/\/vss-unes.ch\/fr\/wp-json\/wp\/v2\/users\/1"}],"replies":[{"embeddable":true,"href":"https:\/\/vss-unes.ch\/fr\/wp-json\/wp\/v2\/comments?post=14674"}],"version-history":[{"count":0,"href":"https:\/\/vss-unes.ch\/fr\/wp-json\/wp\/v2\/posts\/14674\/revisions"}],"wp:attachment":[{"href":"https:\/\/vss-unes.ch\/fr\/wp-json\/wp\/v2\/media?parent=14674"}],"wp:term":[{"taxonomy":"category","embeddable":true,"href":"https:\/\/vss-unes.ch\/fr\/wp-json\/wp\/v2\/categories?post=14674"},{"taxonomy":"post_tag","embeddable":true,"href":"https:\/\/vss-unes.ch\/fr\/wp-json\/wp\/v2\/tags?post=14674"}],"curies":[{"name":"wp","href":"https:\/\/api.w.org\/{rel}","templated":true}]}}