{"id":14678,"date":"2022-11-01T09:46:25","date_gmt":"2022-11-01T08:46:25","guid":{"rendered":"https:\/\/vss.michaelschaedler.li\/loi-sur-leurope-la-cpe-e-inerte-laisse-les-etudiant%c2%b7e%c2%b7s-sur-le-carreau\/"},"modified":"2022-11-01T09:46:25","modified_gmt":"2022-11-01T08:46:25","slug":"loi-sur-leurope-la-cpe-e-inerte-laisse-les-etudiant%c2%b7e%c2%b7s-sur-le-carreau","status":"publish","type":"post","link":"https:\/\/vss-unes.ch\/fr\/loi-sur-leurope-la-cpe-e-inerte-laisse-les-etudiant%c2%b7e%c2%b7s-sur-le-carreau\/","title":{"rendered":"Loi sur l&rsquo;Europe : la CPE-E inerte laisse les \u00e9tudiant\u00b7e\u00b7s sur le carreau"},"content":{"rendered":"<p>La Commission de politique ext\u00e9rieure du Conseil des Etats (CPE-E) laisse \u00e0 nouveau les \u00e9tudiant\u00b7e\u00b7s sur le carreau et <a href=\"https:\/\/www.parlament.ch\/press-releases\/Pages\/mm-apk-s-2022-10-28.aspx?lang=1036\">reporte les d\u00e9cisions importantes en mati\u00e8re de politique europ\u00e9enne<\/a>. Pour l&rsquo;UNES, il est clair que seules des relations stables avec l\u2019Europe permettront d&rsquo;avancer les n\u00e9gociations.<\/p>\n<p><a href=\"https:\/\/vss-unes.ch\/wp-content\/uploads\/2022\/11\/2022-11-01_-CPEuropaInitiative.pdf\">&#8211; Communiqu\u00e9 de presse du 01.11.2022<\/a><\/p>\n","protected":false},"excerpt":{"rendered":"<p>La Commission de politique ext\u00e9rieure du Conseil des Etats (CPE-E) laisse \u00e0 nouveau les \u00e9tudiant\u00b7e\u00b7s sur le carreau et reporte les d\u00e9cisions importantes en mati\u00e8re de politique europ\u00e9enne. Pour l&rsquo;UNES, &#8230; <a title=\"Loi sur l&rsquo;Europe : la CPE-E inerte laisse les \u00e9tudiant\u00b7e\u00b7s sur le carreau\" class=\"read-more\" href=\"https:\/\/vss-unes.ch\/fr\/loi-sur-leurope-la-cpe-e-inerte-laisse-les-etudiant%c2%b7e%c2%b7s-sur-le-carreau\/\" aria-label=\"En savoir plus sur Loi sur l&rsquo;Europe : la CPE-E inerte laisse les \u00e9tudiant\u00b7e\u00b7s sur le carreau\">Lire la suite<\/a><\/p>\n","protected":false},"author":1,"featured_media":0,"comment_status":"open","ping_status":"closed","sticky":false,"template":"","format":"standard","meta":{"_acf_changed":false,"inline_featured_image":false,"_EventAllDay":false,"_EventTimezone":"","_EventStartDate":"","_EventEndDate":"","_EventStartDateUTC":"","_EventEndDateUTC":"","_EventShowMap":false,"_EventShowMapLink":false,"_EventURL":"","_EventCost":"","_EventCostDescription":"","_EventCurrencySymbol":"","_EventCurrencyCode":"","_EventCurrencyPosition":"","_EventDateTimeSeparator":"","_EventTimeRangeSeparator":"","_EventOrganizerID":[],"_EventVenueID":[],"_OrganizerEmail":"","_OrganizerPhone":"","_OrganizerWebsite":"","_VenueAddress":"","_VenueCity":"","_VenueCountry":"","_VenueProvince":"","_VenueState":"","_VenueZip":"","_VenuePhone":"","_VenueURL":"","_VenueStateProvince":"","_VenueLat":"","_VenueLng":"","_VenueShowMap":false,"_VenueShowMapLink":false,"wds_primary_category":0,"footnotes":"","_links_to":"","_links_to_target":""},"categories":[130],"tags":[],"class_list":["post-14678","post","type-post","status-publish","format-standard","hentry","category-communiques-de-presse"],"acf":[],"_links":{"self":[{"href":"https:\/\/vss-unes.ch\/fr\/wp-json\/wp\/v2\/posts\/14678","targetHints":{"allow":["GET"]}}],"collection":[{"href":"https:\/\/vss-unes.ch\/fr\/wp-json\/wp\/v2\/posts"}],"about":[{"href":"https:\/\/vss-unes.ch\/fr\/wp-json\/wp\/v2\/types\/post"}],"author":[{"embeddable":true,"href":"https:\/\/vss-unes.ch\/fr\/wp-json\/wp\/v2\/users\/1"}],"replies":[{"embeddable":true,"href":"https:\/\/vss-unes.ch\/fr\/wp-json\/wp\/v2\/comments?post=14678"}],"version-history":[{"count":0,"href":"https:\/\/vss-unes.ch\/fr\/wp-json\/wp\/v2\/posts\/14678\/revisions"}],"wp:attachment":[{"href":"https:\/\/vss-unes.ch\/fr\/wp-json\/wp\/v2\/media?parent=14678"}],"wp:term":[{"taxonomy":"category","embeddable":true,"href":"https:\/\/vss-unes.ch\/fr\/wp-json\/wp\/v2\/categories?post=14678"},{"taxonomy":"post_tag","embeddable":true,"href":"https:\/\/vss-unes.ch\/fr\/wp-json\/wp\/v2\/tags?post=14678"}],"curies":[{"name":"wp","href":"https:\/\/api.w.org\/{rel}","templated":true}]}}