{"id":14717,"date":"2024-01-31T11:17:51","date_gmt":"2024-01-31T10:17:51","guid":{"rendered":"https:\/\/vss.michaelschaedler.li\/integration-des-personnes-refugiees-le-soutien-aux-hautes-ecoles-entre-dans-sa-deuxieme-phase\/"},"modified":"2024-01-31T11:17:51","modified_gmt":"2024-01-31T10:17:51","slug":"integration-des-personnes-refugiees-le-soutien-aux-hautes-ecoles-entre-dans-sa-deuxieme-phase","status":"publish","type":"post","link":"https:\/\/vss-unes.ch\/fr\/integration-des-personnes-refugiees-le-soutien-aux-hautes-ecoles-entre-dans-sa-deuxieme-phase\/","title":{"rendered":"Int\u00e9gration des personnes r\u00e9fugi\u00e9es : le soutien aux hautes \u00e9coles entre dans sa deuxi\u00e8me phase"},"content":{"rendered":"<p><strong>Les personnes r\u00e9fugi\u00e9es qualifi\u00e9es dont les dipl\u00f4mes ne sont pas reconnus en Suisse ou qui ont d\u00fb interrompre leurs \u00e9tudes en raison de leur fuite se heurtent \u00e0 divers obstacles administratifs, linguistiques et financiers lorsqu\u2019elles souhaitent reprendre des \u00e9tudes sup\u00e9rieures en Suisse. Pour y rem\u00e9dier, les hautes \u00e9coles suisses proposent de plus en plus de projets d\u2019encouragement et d\u2019offres de passerelle. Mais ces derniers sont \u00e9galement confront\u00e9s \u00e0 des d\u00e9fis financiers afin d\u2019obtenir un ancrage durable. En r\u00e9ponse \u00e0 cela, l\u2019Union des \u00c9tudiant-e-s de Suisse UNES a lanc\u00e9 le fonds \u00ab\u00a0Projets des hautes \u00e9coles\u00a0\u00bb. Gr\u00e2ce \u00e0 ce fonds, neuf projets des hautes \u00e9coles ont d\u00e9j\u00e0 pu \u00eatre soutenus en 2023. Gr\u00e2ce aux promesses de financement d\u2019autres fondations, un deuxi\u00e8me appel \u00e0 projets est d\u00e9sormais lanc\u00e9. Au total, plus de 625\u2019000 francs seront distribu\u00e9s. <\/strong><\/p>\n<p>Chaque ann\u00e9e, des personnes fuyant la guerre et les pers\u00e9cutions cherchent protection en Suisse. Parmi elles se trouvent des personnes qui ont obtenu un dipl\u00f4me universitaire dans leur pays d\u2019origine, mais qui n\u2019est pas reconnu en Suisse. D\u2019autres ont d\u00fb interrompre leurs \u00e9tudes en raison de leur fuite et cherchent des possibilit\u00e9s de poursuivre leur formation. Dans les deux cas, ces personnes doivent reprendre leurs \u00e9tudes pour pouvoir d\u00e9velopper leur potentiel sur le march\u00e9 du travail local. De nombreuses personnes concern\u00e9es sont tr\u00e8s motiv\u00e9es, comme par exemple Amina, une jeune Turque qui travaillait comme enseignante dans son pays d\u2019origine. Son dipl\u00f4me n\u2019\u00e9tant pas reconnu en Suisse, elle \u00e9tudie actuellement le travail social\u00a0: \u00ab\u00a0Je suis tr\u00e8s motiv\u00e9e pour reprendre le travail et \u00eatre une femme dans la vie. C\u2019est tr\u00e8s important de jouer un r\u00f4le de mod\u00e8le pour mes deux filles. Elles regardent dans mes yeux pour aller de l\u2019avant.\u00a0\u00bb Mais l\u2019acc\u00e8s aux \u00e9tudes se heurte \u00e0 de nombreux obstacles administratifs, linguistiques et financiers. Pour y rem\u00e9dier, de plus en plus de hautes \u00e9coles suisses proposent des offres pr\u00e9paratoires ou de passerelle.<\/p>\n<p><strong>Lancement du fonds \u00ab\u00a0Projets des hautes \u00e9coles\u00a0\u00bb<\/strong><\/p>\n<p>Malgr\u00e9 les efforts des hautes \u00e9coles pour une meilleure int\u00e9gration des personnes r\u00e9fugi\u00e9es, de nombreux projets de promotion manquent de ressources pour parvenir \u00e0 un ancrage \u00e0 long terme des offres dans les structures ordinaires.<\/p>\n<p>C\u2019est pour cette raison que Perspectives &#8211; \u00c9tudes, un projet de l\u2019Union des \u00c9tudiant-e-s de Suisse UNES, a lanc\u00e9 en 2023 le fonds \u00ab\u00a0Projets des hautes \u00e9coles\u00a0\u00bb. Ce fonds permet aux projets d\u2019encouragement pour les personnes r\u00e9fugi\u00e9es dans les hautes \u00e9coles suisses de financer un poste \u00e0 temps partiel limit\u00e9 dans le temps. Celui-ci doit contribuer \u00e0 ce que les projets s\u00e9lectionn\u00e9s puissent atteindre un ancrage durable de leur offre dans la haute \u00e9cole et dans les cantons d\u2019ici 2026. Cela permettra de garantir que les personnes r\u00e9fugi\u00e9es qualifi\u00e9es soient per\u00e7ues comme des \u00e9tudiant-e-s (potentiels) et qu\u2019elles soient encourag\u00e9es \u2013 tant par les hautes \u00e9coles que par les services d\u2019int\u00e9gration.\u00a0<\/p>\n<p><strong>Ouverture du deuxi\u00e8me appel \u00e0 projets<\/strong><\/p>\n<p>Un premier appel d\u2019offres a \u00e9t\u00e9 publi\u00e9 en f\u00e9vrier 2023. La commission de s\u00e9lection, compos\u00e9e de membres de la Commission f\u00e9d\u00e9rale des migrations CFM, EPER, Mosa\u00efQ, Allianz Chance+, d\u2019une \u00e9tudiante r\u00e9fugi\u00e9e et de Perspectives \u2013 \u00c9tudes, avait alors s\u00e9lectionn\u00e9 neuf projets qui b\u00e9n\u00e9ficieront d\u2019un soutien financier et de conseils pendant un \u00e0 trois ans. Gr\u00e2ce \u00e0 de nouvelles promesses de financement de fondations, une deuxi\u00e8me s\u00e9rie d\u2019appels \u00e0 projets peut \u00eatre lanc\u00e9e. D\u2019autres projets peuvent \u00eatre soutenus pour une dur\u00e9e maximale de deux ans.<\/p>\n<p>Carmen Delgado, responsable du projet H\u00e9rodote Plus \u00e0 l\u2019Universit\u00e9 de Fribourg, l\u2019un des projets s\u00e9lectionn\u00e9s lors du premier appel \u00e0 projets, confirme\u00a0: \u00ab\u00a0Gr\u00e2ce au financement de Perspectives \u2013 \u00c9tudes, nous pouvons d\u00e9velopper notre offre pour les personnes r\u00e9fugi\u00e9es et l\u2019ancrer institutionnellement \u00e0 long terme.\u00a0\u00bb<\/p>\n<p><strong>Plus d\u2019informations\u00a0:<\/strong><\/p>\n<ul>\n<li>Plateforme d\u2019information sur l\u2019acc\u00e8s \u00e0 l\u2019enseignement sup\u00e9rieur pour les personnes r\u00e9fugi\u00e9es\u00a0: <a href=\"https:\/\/www.perspektiven-studium.ch\/fr\/\">https:\/\/www.perspektiven-studium.ch\/fr\/<\/a><\/li>\n<li>Vers l\u2019appel d\u2019offres\u00a0: <a href=\"https:\/\/www.perspektiven-studium.ch\/fr\/ausschreibung\/\">https:\/\/www.perspektiven-studium.ch\/fr\/ausschreibung\/<\/a><\/li>\n<\/ul>\n<p><strong>Nous nous tenons \u00e0 votre disposition pour tout renseignement compl\u00e9mentaire : <\/strong><\/p>\n<ul>\n<li>Nora Burla, co-responsable du projet Perspectives &#8211; \u00c9tudes, <a href=\"mailto:nora.burla@vss-unes.ch\">burla@vss-unes.ch<\/a>, 031\u00a0382\u00a011\u00a076<\/li>\n<li>Luzian Franzini, co-secr\u00e9taire g\u00e9n\u00e9ral de l\u2019UNES, <a href=\"mailto:sg-gs@vss-unes.ch\">sg-gs@vss-unes.ch<\/a>, 079\u00a0781\u00a077\u00a036<\/li>\n<\/ul>\n","protected":false},"excerpt":{"rendered":"<p>Les personnes r\u00e9fugi\u00e9es qualifi\u00e9es dont les dipl\u00f4mes ne sont pas reconnus en Suisse ou qui ont d\u00fb interrompre leurs \u00e9tudes en raison de leur fuite se heurtent \u00e0 divers obstacles &#8230; <a title=\"Int\u00e9gration des personnes r\u00e9fugi\u00e9es : le soutien aux hautes \u00e9coles entre dans sa deuxi\u00e8me phase\" class=\"read-more\" href=\"https:\/\/vss-unes.ch\/fr\/integration-des-personnes-refugiees-le-soutien-aux-hautes-ecoles-entre-dans-sa-deuxieme-phase\/\" aria-label=\"En savoir plus sur Int\u00e9gration des personnes r\u00e9fugi\u00e9es : le soutien aux hautes \u00e9coles entre dans sa deuxi\u00e8me phase\">Lire la suite<\/a><\/p>\n","protected":false},"author":1,"featured_media":0,"comment_status":"open","ping_status":"closed","sticky":false,"template":"","format":"standard","meta":{"_acf_changed":false,"inline_featured_image":false,"_EventAllDay":false,"_EventTimezone":"","_EventStartDate":"","_EventEndDate":"","_EventStartDateUTC":"","_EventEndDateUTC":"","_EventShowMap":false,"_EventShowMapLink":false,"_EventURL":"","_EventCost":"","_EventCostDescription":"","_EventCurrencySymbol":"","_EventCurrencyCode":"","_EventCurrencyPosition":"","_EventDateTimeSeparator":"","_EventTimeRangeSeparator":"","_EventOrganizerID":[],"_EventVenueID":[],"_OrganizerEmail":"","_OrganizerPhone":"","_OrganizerWebsite":"","_VenueAddress":"","_VenueCity":"","_VenueCountry":"","_VenueProvince":"","_VenueState":"","_VenueZip":"","_VenuePhone":"","_VenueURL":"","_VenueStateProvince":"","_VenueLat":"","_VenueLng":"","_VenueShowMap":false,"_VenueShowMapLink":false,"wds_primary_category":0,"footnotes":"","_links_to":"","_links_to_target":""},"categories":[130],"tags":[],"class_list":["post-14717","post","type-post","status-publish","format-standard","hentry","category-communiques-de-presse"],"acf":[],"_links":{"self":[{"href":"https:\/\/vss-unes.ch\/fr\/wp-json\/wp\/v2\/posts\/14717","targetHints":{"allow":["GET"]}}],"collection":[{"href":"https:\/\/vss-unes.ch\/fr\/wp-json\/wp\/v2\/posts"}],"about":[{"href":"https:\/\/vss-unes.ch\/fr\/wp-json\/wp\/v2\/types\/post"}],"author":[{"embeddable":true,"href":"https:\/\/vss-unes.ch\/fr\/wp-json\/wp\/v2\/users\/1"}],"replies":[{"embeddable":true,"href":"https:\/\/vss-unes.ch\/fr\/wp-json\/wp\/v2\/comments?post=14717"}],"version-history":[{"count":0,"href":"https:\/\/vss-unes.ch\/fr\/wp-json\/wp\/v2\/posts\/14717\/revisions"}],"wp:attachment":[{"href":"https:\/\/vss-unes.ch\/fr\/wp-json\/wp\/v2\/media?parent=14717"}],"wp:term":[{"taxonomy":"category","embeddable":true,"href":"https:\/\/vss-unes.ch\/fr\/wp-json\/wp\/v2\/categories?post=14717"},{"taxonomy":"post_tag","embeddable":true,"href":"https:\/\/vss-unes.ch\/fr\/wp-json\/wp\/v2\/tags?post=14717"}],"curies":[{"name":"wp","href":"https:\/\/api.w.org\/{rel}","templated":true}]}}