{"id":14741,"date":"2024-06-03T13:03:06","date_gmt":"2024-06-03T11:03:06","guid":{"rendered":"https:\/\/vss.michaelschaedler.li\/focus-sustainability-programme-de-printemps\/"},"modified":"2024-06-03T13:03:06","modified_gmt":"2024-06-03T11:03:06","slug":"focus-sustainability-programme-de-printemps","status":"publish","type":"post","link":"https:\/\/vss-unes.ch\/fr\/focus-sustainability-programme-de-printemps\/","title":{"rendered":"Focus Sustainability : programme de printemps"},"content":{"rendered":"<p>Ce semestre de printemps, le centre national <a href=\"https:\/\/focus-sustainability.ch\/fr\/\">Focus Sustainability<\/a> propose \u00e0 nouveau diff\u00e9rents \u00e9v\u00e9nements et ateliers efficaces sur le th\u00e8me de la durabilit\u00e9, permettant ainsi aux \u00e9tudiant-e-s d&rsquo;acqu\u00e9rir et de d\u00e9velopper de nouvelles connaissances et comp\u00e9tences.<\/p>\n<p>Les ateliers portent sur des th\u00e8mes tels que la collecte de fonds dans le cadre de l&rsquo;appel d&rsquo;offres U-Change, le storytelling ou la gestion de projet.<\/p>\n<p>Les ateliers sont accessibles gratuitement \u00e0 tous les \u00e9tudiant-e-s des hautes \u00e9coles suisses.<br \/>Cliquez <a href=\"https:\/\/focus-sustainability.ch\/fr\/evenements\/\">ici<\/a> pour acc\u00e9der au programme du printemps 2024!<\/p>\n<p>\u00a0<\/p>\n<p><em>Tir\u00e9 de la newsletter du <a href=\"https:\/\/vss-unes.ch\/fr\/?mailpoet_router&#038;endpoint=view_in_browser&#038;action=view&#038;data=WzEyMSwiYzBmNDA3ZDVjZWVmIiwwLDAsNzYsMV0\">13.03.2024<\/a><\/em><\/p>\n","protected":false},"excerpt":{"rendered":"<p>Ce semestre de printemps, le centre national Focus Sustainability propose \u00e0 nouveau diff\u00e9rents \u00e9v\u00e9nements et ateliers efficaces sur le th\u00e8me de la durabilit\u00e9, permettant ainsi aux \u00e9tudiant-e-s d&rsquo;acqu\u00e9rir et de &#8230; <a title=\"Focus Sustainability : programme de printemps\" class=\"read-more\" href=\"https:\/\/vss-unes.ch\/fr\/focus-sustainability-programme-de-printemps\/\" aria-label=\"En savoir plus sur Focus Sustainability : programme de printemps\">Lire la suite<\/a><\/p>\n","protected":false},"author":1,"featured_media":0,"comment_status":"open","ping_status":"closed","sticky":false,"template":"","format":"standard","meta":{"_acf_changed":false,"inline_featured_image":false,"_EventAllDay":false,"_EventTimezone":"","_EventStartDate":"","_EventEndDate":"","_EventStartDateUTC":"","_EventEndDateUTC":"","_EventShowMap":false,"_EventShowMapLink":false,"_EventURL":"","_EventCost":"","_EventCostDescription":"","_EventCurrencySymbol":"","_EventCurrencyCode":"","_EventCurrencyPosition":"","_EventDateTimeSeparator":"","_EventTimeRangeSeparator":"","_EventOrganizerID":[],"_EventVenueID":[],"_OrganizerEmail":"","_OrganizerPhone":"","_OrganizerWebsite":"","_VenueAddress":"","_VenueCity":"","_VenueCountry":"","_VenueProvince":"","_VenueState":"","_VenueZip":"","_VenuePhone":"","_VenueURL":"","_VenueStateProvince":"","_VenueLat":"","_VenueLng":"","_VenueShowMap":false,"_VenueShowMapLink":false,"wds_primary_category":0,"footnotes":"","_links_to":"","_links_to_target":""},"categories":[34],"tags":[],"class_list":["post-14741","post","type-post","status-publish","format-standard","hentry","category-non-classifiee"],"acf":[],"_links":{"self":[{"href":"https:\/\/vss-unes.ch\/fr\/wp-json\/wp\/v2\/posts\/14741","targetHints":{"allow":["GET"]}}],"collection":[{"href":"https:\/\/vss-unes.ch\/fr\/wp-json\/wp\/v2\/posts"}],"about":[{"href":"https:\/\/vss-unes.ch\/fr\/wp-json\/wp\/v2\/types\/post"}],"author":[{"embeddable":true,"href":"https:\/\/vss-unes.ch\/fr\/wp-json\/wp\/v2\/users\/1"}],"replies":[{"embeddable":true,"href":"https:\/\/vss-unes.ch\/fr\/wp-json\/wp\/v2\/comments?post=14741"}],"version-history":[{"count":0,"href":"https:\/\/vss-unes.ch\/fr\/wp-json\/wp\/v2\/posts\/14741\/revisions"}],"wp:attachment":[{"href":"https:\/\/vss-unes.ch\/fr\/wp-json\/wp\/v2\/media?parent=14741"}],"wp:term":[{"taxonomy":"category","embeddable":true,"href":"https:\/\/vss-unes.ch\/fr\/wp-json\/wp\/v2\/categories?post=14741"},{"taxonomy":"post_tag","embeddable":true,"href":"https:\/\/vss-unes.ch\/fr\/wp-json\/wp\/v2\/tags?post=14741"}],"curies":[{"name":"wp","href":"https:\/\/api.w.org\/{rel}","templated":true}]}}