{"id":14761,"date":"2025-01-29T15:00:00","date_gmt":"2025-01-29T14:00:00","guid":{"rendered":"https:\/\/vss.michaelschaedler.li\/lunes-soppose-aux-mesures-deconomie-irresponsables-dans-le-domaine-de-la-formation\/"},"modified":"2025-01-29T15:00:00","modified_gmt":"2025-01-29T14:00:00","slug":"lunes-soppose-aux-mesures-deconomie-irresponsables-dans-le-domaine-de-la-formation","status":"publish","type":"post","link":"https:\/\/vss-unes.ch\/fr\/lunes-soppose-aux-mesures-deconomie-irresponsables-dans-le-domaine-de-la-formation\/","title":{"rendered":"L&rsquo;UNES s&rsquo;oppose aux mesures d&rsquo;\u00e9conomie irresponsables dans le domaine de la formation\u00a0"},"content":{"rendered":" <p>29.01.2025<\/p>    <p><p><strong><span class=\"TextRun SCXW223233464 BCX8\"><span class=\"NormalTextRun SCXW223233464 BCX8\">L&rsquo;Union des <\/span><span class=\"NormalTextRun SCXW223233464 BCX8\">\u00e9tudiant<\/span><span class=\"NormalTextRun SCXW223233464 BCX8\">\u00b7<\/span><span class=\"NormalTextRun SCXW223233464 BCX8\">e<\/span><span class=\"NormalTextRun SCXW223233464 BCX8\">\u00b7<\/span><span class=\"NormalTextRun SCXW223233464 BCX8\">s<\/span><span class=\"NormalTextRun SCXW223233464 BCX8\"> de Suisse prend connaissance avec \u00e9tonnement du projet du Conseil f\u00e9d\u00e9ral \u00ab <\/span><span class=\"NormalTextRun SCXW223233464 BCX8\">mesures<\/span><span class=\"NormalTextRun SCXW223233464 BCX8\"> d&rsquo;all\u00e8gement budg\u00e9taire 2027 \u00bb. En doublant les taxes d&rsquo;\u00e9tudes, le Conseil f\u00e9d\u00e9ral remet <\/span><span class=\"NormalTextRun SCXW223233464 BCX8\">gravement <\/span><span class=\"NormalTextRun SCXW223233464 BCX8\">en question l&rsquo;\u00e9galit\u00e9 des chances en Suisse. <\/span><span class=\"NormalTextRun SCXW223233464 BCX8\">Forte de<\/span><span class=\"NormalTextRun SCXW223233464 BCX8\"> ses 150 000 membres, l&rsquo;UNES s&rsquo;opposera de toutes ses forces aux mesures d&rsquo;\u00e9conomie dans le domaine de la formation. <\/span><span class=\"NormalTextRun SCXW223233464 BCX8\">\u00c0 cette fin, e<\/span><span class=\"NormalTextRun SCXW223233464 BCX8\">lle lance<\/span> <span class=\"NormalTextRun SCXW223233464 BCX8\">une p\u00e9tition et une campagne d&rsquo;affichage dans toute la Suisse.<\/span><\/span><span class=\"EOP SCXW223233464 BCX8\">\u00a0<\/span><\/strong><\/p><\/p>    <p>Des d\u00e9cisions \u00e0 courte vue compromettent l&rsquo;attractivit\u00e9 de la Suisse en tant que lieu de formation ainsi que l&rsquo;\u00e9galit\u00e9 des chances. De telles augmentations n\u2019am\u00e9liorent les revenus que de mani\u00e8re marginale et ne r\u00e9solvent en aucun cas les probl\u00e8mes financiers des hautes \u00e9coles. Il s&rsquo;agit d&rsquo;une politique symbolique injuste, qui fait peser un poids disproportionn\u00e9 sur les \u00e9paules des \u00e9tudiant\u00b7e\u00b7s, incapables de supporter un tel programme d\u2019\u00e9conomies.\u00a0<\/p>    <p>De plus, cette augmentation constitue une charge suppl\u00e9mentaire pour les \u00e9tudiant\u00b7e\u00b7s, dont 60% souffrent d\u00e9j\u00e0 de probl\u00e8mes financiers selon l&rsquo;OFS. Sans taxes d&rsquo;\u00e9tudes abordables, il deviendra encore plus difficile pour ce groupe de suivre une formation sup\u00e9rieure. Les autres mesures d&rsquo;\u00e9conomie dans le domaine FRI repr\u00e9sentent \u00e9galement une menace pour les conditions d&rsquo;\u00e9tudes, la qualit\u00e9 de l&rsquo;enseignement et l&rsquo;internationalisation de la place de formation suisse.\u00a0<\/p>    <p>Sous le nom : \u00ab\u00a0<a href=\"https:\/\/bezahlbar-studieren.ch\/fr\/studiegebuehre-verdopple-schliifts-francais\/\">DOUBLER LES TAXES D&rsquo;\u00c9TUDES? L&rsquo;\u00c9CHEC ?!<\/a>\u00a0\u00bb l&rsquo;UNES lance une p\u00e9tition et se mobilisera lors d&rsquo;une journ\u00e9e d&rsquo;action dans toute la Suisse.<\/p>    <p><p><strong><span class=\"TextRun SCXW158552596 BCX8\"><span class=\"NormalTextRun SCXW158552596 BCX8\">Les<\/span><span class=\"NormalTextRun SCXW158552596 BCX8\"> mesures suivantes affectent directement les <\/span><span class=\"NormalTextRun SpellingErrorV2Themed SCXW158552596 BCX8\">\u00e9tudiant<\/span><span class=\"NormalTextRun SpellingErrorV2Themed SCXW158552596 BCX8\">\u00b7<\/span><span class=\"NormalTextRun SpellingErrorV2Themed SCXW158552596 BCX8\">e<\/span><span class=\"NormalTextRun SpellingErrorV2Themed SCXW158552596 BCX8\">\u00b7<\/span><span class=\"NormalTextRun SpellingErrorV2Themed SCXW158552596 BCX8\">s<\/span><\/span><span class=\"EOP SCXW158552596 BCX8\"> :<\/span><\/strong><\/p><\/p>    <ul class=\"wp-block-list\"> <li>Renforcement du financement par les usagers dans le domaine des EPF + dans les hautes \u00e9coles cantonales : 198 millions<\/li>    <li>Renonciation aux contributions li\u00e9es \u00e0 des projets dans les hautes \u00e9coles cantonales : 78 millions<\/li>    <li>R\u00e9duction de 10 % des subventions pour l&rsquo;encouragement extrascolaire des enfants et des jeunes : 2,4 &#8211; 15,9 millions de francs.<\/li>    <li>R\u00e9duction de 10 % des subventions pour l&rsquo;encouragement extrascolaire des enfants et des jeunes : 2,4 &#8211; 15,9 millions de francs.<\/li> <\/ul>    <p><p><strong>Nous nous tenons \u00e0 votre disposition pour tout renseignement compl\u00e9mentaire : <\/strong><\/p><\/p>    <div class=\"wp-block-columns is-layout-flex wp-container-core-columns-is-layout-9d6595d7 wp-block-columns-is-layout-flex\"> <div class=\"wp-block-column is-layout-flow wp-block-column-is-layout-flow\"> <p><p>Julia Bogdan<br\/>Co-pr\u00e9sidente (all.\/\/angl.)<br\/>+41 78 812 99 98<br\/>E-Mail: julia.bogdan[at]vss-unes.ch<\/p><\/p> <\/div>    <div class=\"wp-block-column is-layout-flow wp-block-column-is-layout-flow\"> <p><p>Luzian Franzini<br\/>Co-Secr\u00e9taire G\u00e9n\u00e9rale<br\/>+41 79 781 77 36\u00a0<br\/>E-Mail: sg-gs[at]vss-unes.ch<\/p><\/p> <\/div> <\/div>    <p><\/p> ","protected":false},"excerpt":{"rendered":"<p>29.01.2025 L&rsquo;Union des \u00e9tudiant\u00b7e\u00b7s de Suisse prend connaissance avec \u00e9tonnement du projet du Conseil f\u00e9d\u00e9ral \u00ab mesures d&rsquo;all\u00e8gement budg\u00e9taire 2027 \u00bb. En doublant les taxes d&rsquo;\u00e9tudes, le Conseil f\u00e9d\u00e9ral remet &#8230; <a title=\"L&rsquo;UNES s&rsquo;oppose aux mesures d&rsquo;\u00e9conomie irresponsables dans le domaine de la formation\u00a0\" class=\"read-more\" href=\"https:\/\/vss-unes.ch\/fr\/lunes-soppose-aux-mesures-deconomie-irresponsables-dans-le-domaine-de-la-formation\/\" aria-label=\"En savoir plus sur L&rsquo;UNES s&rsquo;oppose aux mesures d&rsquo;\u00e9conomie irresponsables dans le domaine de la formation\u00a0\">Lire la suite<\/a><\/p>\n","protected":false},"author":1,"featured_media":0,"comment_status":"open","ping_status":"closed","sticky":false,"template":"","format":"standard","meta":{"_acf_changed":false,"inline_featured_image":false,"_EventAllDay":false,"_EventTimezone":"","_EventStartDate":"","_EventEndDate":"","_EventStartDateUTC":"","_EventEndDateUTC":"","_EventShowMap":false,"_EventShowMapLink":false,"_EventURL":"","_EventCost":"","_EventCostDescription":"","_EventCurrencySymbol":"","_EventCurrencyCode":"","_EventCurrencyPosition":"","_EventDateTimeSeparator":"","_EventTimeRangeSeparator":"","_EventOrganizerID":[],"_EventVenueID":[],"_OrganizerEmail":"","_OrganizerPhone":"","_OrganizerWebsite":"","_VenueAddress":"","_VenueCity":"","_VenueCountry":"","_VenueProvince":"","_VenueState":"","_VenueZip":"","_VenuePhone":"","_VenueURL":"","_VenueStateProvince":"","_VenueLat":"","_VenueLng":"","_VenueShowMap":false,"_VenueShowMapLink":false,"wds_primary_category":0,"footnotes":"","_links_to":"","_links_to_target":""},"categories":[130],"tags":[],"class_list":["post-14761","post","type-post","status-publish","format-standard","hentry","category-communiques-de-presse"],"acf":[],"_links":{"self":[{"href":"https:\/\/vss-unes.ch\/fr\/wp-json\/wp\/v2\/posts\/14761","targetHints":{"allow":["GET"]}}],"collection":[{"href":"https:\/\/vss-unes.ch\/fr\/wp-json\/wp\/v2\/posts"}],"about":[{"href":"https:\/\/vss-unes.ch\/fr\/wp-json\/wp\/v2\/types\/post"}],"author":[{"embeddable":true,"href":"https:\/\/vss-unes.ch\/fr\/wp-json\/wp\/v2\/users\/1"}],"replies":[{"embeddable":true,"href":"https:\/\/vss-unes.ch\/fr\/wp-json\/wp\/v2\/comments?post=14761"}],"version-history":[{"count":0,"href":"https:\/\/vss-unes.ch\/fr\/wp-json\/wp\/v2\/posts\/14761\/revisions"}],"wp:attachment":[{"href":"https:\/\/vss-unes.ch\/fr\/wp-json\/wp\/v2\/media?parent=14761"}],"wp:term":[{"taxonomy":"category","embeddable":true,"href":"https:\/\/vss-unes.ch\/fr\/wp-json\/wp\/v2\/categories?post=14761"},{"taxonomy":"post_tag","embeddable":true,"href":"https:\/\/vss-unes.ch\/fr\/wp-json\/wp\/v2\/tags?post=14761"}],"curies":[{"name":"wp","href":"https:\/\/api.w.org\/{rel}","templated":true}]}}