{"id":14765,"date":"2025-06-25T11:32:22","date_gmt":"2025-06-25T09:32:22","guid":{"rendered":"https:\/\/vss.michaelschaedler.li\/le-conseil-federal-persiste-lunes-denonce-une-attaque-frontale-contre-legalite-des-chances\/"},"modified":"2025-06-25T11:32:22","modified_gmt":"2025-06-25T09:32:22","slug":"le-conseil-federal-persiste-lunes-denonce-une-attaque-frontale-contre-legalite-des-chances","status":"publish","type":"post","link":"https:\/\/vss-unes.ch\/fr\/le-conseil-federal-persiste-lunes-denonce-une-attaque-frontale-contre-legalite-des-chances\/","title":{"rendered":"Le Conseil f\u00e9d\u00e9ral persiste : L\u2019UNES d\u00e9nonce une attaque frontale contre l\u2019\u00e9galit\u00e9 des chances\u00a0"},"content":{"rendered":" <p><\/p>  <p>25.06.2025<\/p>  <p><p><b><span data-contrast=\"auto\">Berne, le 25 juin 2025 \u2013 L&rsquo;Union des \u00e9tudiant-e-s de Suisse (UNES) prend connaissance avec d\u00e9ception du communiqu\u00e9 de presse concernant le programme d\u2019all\u00e8gement 2027 rendu public aujourd&rsquo;hui par le Conseil f\u00e9d\u00e9ral. Malgr\u00e9 plus de 1500 r\u00e9ponses \u00e0 la consultation et une r\u00e9ception tr\u00e8s critique, le Conseil f\u00e9d\u00e9ral maintient l&rsquo;ensemble des coupes drastiques dans le domaine de la formation.<\/span><\/b><span data-ccp-props=\"{\"335551550\":6,\"335551620\":6,\"335559685\":0,\"335559731\":0}\">\u00a0<\/span><\/p><p>\u00a0<\/p><\/p>  <p>En particulier, le \u00ab renforcement du financement par les utilisateurs \u00bb &#8211; de fait, un doublement des taxes d\u2019\u00e9tude &#8211; touche fortement les \u00e9tudiant-e-s. Cette hausse des taxes compromet l\u2019\u00e9galit\u00e9 des chances et la place de la Suisse en tant que p\u00f4le d\u2019innovation. Les cantons se sont \u00e9galement exprim\u00e9s clairement contre cette hausse des taxes d\u2019\u00e9tude. Ils devraient adapter leurs syst\u00e8mes de bourses, tandis que beaucoup d&rsquo;\u00e9tudiant-e-s devraient renoncer \u00e0 leurs \u00e9tudes ou subiraient une pression croissante sur leurs activit\u00e9s r\u00e9mun\u00e9r\u00e9es \u2013 ce qui aurait des cons\u00e9quences n\u00e9gatives sur le temps consacr\u00e9 aux \u00e9tudes et allongerait la dur\u00e9e de celles-ci. Le Conseil f\u00e9d\u00e9ral ne fournit toutefois aucune estimation fond\u00e9e quant aux cons\u00e9quences sociales et \u00e9conomiques qui en d\u00e9couleraient.\u00a0<br\/><br\/><\/p>  <p>Contrairement \u00e0 l&rsquo;avis du Conseil f\u00e9d\u00e9ral, l&rsquo;UNES est toujours convaincue que sans r\u00e9formes fondamentales, le syst\u00e8me de bourse ne suffira pas \u00e0 amortir efficacement les effets de la hausse des taxes d&rsquo;\u00e9tude, en particulier pour les \u00e9tudiant-e-s issu-e-s de milieux socio-\u00e9conomiques d\u00e9favoris\u00e9s. Bien que, selon l&rsquo;Office f\u00e9d\u00e9ral de la statistique, plus de 60 % des \u00e9tudiant-e-s soient confront\u00e9s \u00e0 des difficult\u00e9s financi\u00e8res, les bourses et les pr\u00eats ne repr\u00e9sentent en moyenne que 4 % des ressources dont ils et elles disposent. La non-utilisation du syst\u00e8me de bourses ne signifie pas que les \u00e9tudiant-e-s disposent de s\u00e9curit\u00e9 financi\u00e8re, mais elle est le signe que le syst\u00e8me ne remplit pas son objectif.\u00a0<br\/><br\/><\/p>  <p>Outre cette augmentation des taxes d&rsquo;\u00e9tude, le programme d\u2019all\u00e8gement pr\u00e9voit \u00e9galement des coupes dans la recherche, la formation professionnelle et la mobilit\u00e9, ce qui aura des cons\u00e9quences consid\u00e9rables sur la qualit\u00e9 du syst\u00e8me de formation et sur la comp\u00e9titivit\u00e9 internationale de la Suisse.\u00a0<br\/><br\/><\/p>  <p>L&rsquo;UNES demande que les mesures d&rsquo;\u00e9conomie de la Conf\u00e9d\u00e9ration ne soient pas prises sur le dos des \u00e9tudiant-e-s. La p\u00e9tition qu\u2019elle a lanc\u00e9e contre le doublement des taxes d&rsquo;\u00e9tude a connu un large succ\u00e8s aupr\u00e8s du public, ce qui t\u00e9moigne clairement d&rsquo;une large opposition aux mesures d\u2019\u00e9conomie dans le domaine de la formation. Avec ses 150 000 membres, l&rsquo;UNES continuera de s&rsquo;engager r\u00e9solument en faveur de l&rsquo;\u00e9galit\u00e9 des chances et du libre acc\u00e8s \u00e0 l\u2019\u00e9ducation pour toutes et tous.\u00a0<\/p>  <p><\/p>  <p><p>Nous nous tenons \u00e0 votre disposition pour tout renseignement compl\u00e9mentaire :\u00a0<\/p><\/p>  <p><p>Sophie Wang<br\/>Co-Pr\u00e9sidente (f\/e\/d)<br\/>+41 79 290 68 51 <br\/><a href=\"mailto:sophie.wang@vss-unes.ch\" target=\"_blank\" rel=\"noreferrer noopener\">sophie.wang@vss-unes.ch<\/a><\/p><\/p>  <p><p>Carlotta Ehrenzeller<br\/>Co-Secr\u00e9taire G\u00e9n\u00e9rale (d\/f\/e) <br\/>+41 31 382 11 71<br\/><a href=\"mailto:gs-sg@vss-unes.ch\" target=\"_blank\" rel=\"noreferrer noopener\">gs-sg@vss-unes.ch<\/a><\/p><\/p>  <p><\/p> ","protected":false},"excerpt":{"rendered":"<p>25.06.2025 Berne, le 25 juin 2025 \u2013 L&rsquo;Union des \u00e9tudiant-e-s de Suisse (UNES) prend connaissance avec d\u00e9ception du communiqu\u00e9 de presse concernant le programme d\u2019all\u00e8gement 2027 rendu public aujourd&rsquo;hui par &#8230; <a title=\"Le Conseil f\u00e9d\u00e9ral persiste : L\u2019UNES d\u00e9nonce une attaque frontale contre l\u2019\u00e9galit\u00e9 des chances\u00a0\" class=\"read-more\" href=\"https:\/\/vss-unes.ch\/fr\/le-conseil-federal-persiste-lunes-denonce-une-attaque-frontale-contre-legalite-des-chances\/\" aria-label=\"En savoir plus sur Le Conseil f\u00e9d\u00e9ral persiste : L\u2019UNES d\u00e9nonce une attaque frontale contre l\u2019\u00e9galit\u00e9 des chances\u00a0\">Lire la suite<\/a><\/p>\n","protected":false},"author":1,"featured_media":0,"comment_status":"open","ping_status":"closed","sticky":false,"template":"","format":"standard","meta":{"_acf_changed":false,"inline_featured_image":false,"_EventAllDay":false,"_EventTimezone":"","_EventStartDate":"","_EventEndDate":"","_EventStartDateUTC":"","_EventEndDateUTC":"","_EventShowMap":false,"_EventShowMapLink":false,"_EventURL":"","_EventCost":"","_EventCostDescription":"","_EventCurrencySymbol":"","_EventCurrencyCode":"","_EventCurrencyPosition":"","_EventDateTimeSeparator":"","_EventTimeRangeSeparator":"","_EventOrganizerID":[],"_EventVenueID":[],"_OrganizerEmail":"","_OrganizerPhone":"","_OrganizerWebsite":"","_VenueAddress":"","_VenueCity":"","_VenueCountry":"","_VenueProvince":"","_VenueState":"","_VenueZip":"","_VenuePhone":"","_VenueURL":"","_VenueStateProvince":"","_VenueLat":"","_VenueLng":"","_VenueShowMap":false,"_VenueShowMapLink":false,"wds_primary_category":0,"footnotes":"","_links_to":"","_links_to_target":""},"categories":[130],"tags":[],"class_list":["post-14765","post","type-post","status-publish","format-standard","hentry","category-communiques-de-presse"],"acf":[],"_links":{"self":[{"href":"https:\/\/vss-unes.ch\/fr\/wp-json\/wp\/v2\/posts\/14765","targetHints":{"allow":["GET"]}}],"collection":[{"href":"https:\/\/vss-unes.ch\/fr\/wp-json\/wp\/v2\/posts"}],"about":[{"href":"https:\/\/vss-unes.ch\/fr\/wp-json\/wp\/v2\/types\/post"}],"author":[{"embeddable":true,"href":"https:\/\/vss-unes.ch\/fr\/wp-json\/wp\/v2\/users\/1"}],"replies":[{"embeddable":true,"href":"https:\/\/vss-unes.ch\/fr\/wp-json\/wp\/v2\/comments?post=14765"}],"version-history":[{"count":0,"href":"https:\/\/vss-unes.ch\/fr\/wp-json\/wp\/v2\/posts\/14765\/revisions"}],"wp:attachment":[{"href":"https:\/\/vss-unes.ch\/fr\/wp-json\/wp\/v2\/media?parent=14765"}],"wp:term":[{"taxonomy":"category","embeddable":true,"href":"https:\/\/vss-unes.ch\/fr\/wp-json\/wp\/v2\/categories?post=14765"},{"taxonomy":"post_tag","embeddable":true,"href":"https:\/\/vss-unes.ch\/fr\/wp-json\/wp\/v2\/tags?post=14765"}],"curies":[{"name":"wp","href":"https:\/\/api.w.org\/{rel}","templated":true}]}}