{"id":20954,"date":"2025-01-29T13:00:00","date_gmt":"2025-01-29T12:00:00","guid":{"rendered":"https:\/\/vss-unes.ch\/la-vss-si-oppone-alle-misure-di-risparmio-irresponsabili-nel-settore-dellistruzione\/"},"modified":"2025-07-16T16:03:11","modified_gmt":"2025-07-16T14:03:11","slug":"la-vss-si-oppone-alle-misure-di-risparmio-irresponsabili-nel-settore-dellistruzione","status":"publish","type":"post","link":"https:\/\/vss-unes.ch\/it\/la-vss-si-oppone-alle-misure-di-risparmio-irresponsabili-nel-settore-dellistruzione\/","title":{"rendered":"La VSS si oppone alle misure di risparmio irresponsabili nel settore dell&#8217;istruzione"},"content":{"rendered":" <p>29.01.2025<\/p>  <p><strong>L&#8217;Unione degli studenti svizzeri prende atto con stupore della proposta del Consiglio federale \u00abPacchetto di misure di alleggerimento 2027\u00bb. Raddoppiando le tasse universitarie, il Consiglio federale mette in discussione le pari opportunit\u00e0 in Svizzera. L&#8217;UNES, insieme ai suoi 150 000 membri, si opporr\u00e0 con tutte le sue forze alle misure di risparmio nel settore dell&#8217;istruzione. A tal fine lancia una petizione e una campagna di affissione in tutta la Svizzera.   <\/strong><\/p>  <p>Decisioni miopi che riducono l&#8217;attrattiva della Svizzera come sede di formazione e le pari opportunit\u00e0. Tali aumenti incrementano solo marginalmente le entrate e non risolvono affatto i problemi finanziari delle universit\u00e0. Si tratta di una politica simbolica che grava sulle spalle degli studenti, che non possono sostenere un simile programma di risparmio.  <\/p>  <p>Inoltre, tale aumento rappresenta un onere supplementare per gli studenti, che secondo l&#8217;UST gi\u00e0 oggi il 60% dei quali versa in difficolt\u00e0 finanziarie. Senza tasse universitarie accessibili, per questo gruppo sar\u00e0 ancora pi\u00f9 difficile conseguire una formazione superiore. Le altre misure di risparmio nel settore BFI mettono inoltre a repentaglio le condizioni di studio, la qualit\u00e0 dell&#8217;insegnamento e l&#8217;internazionalizzazione della piazza formativa svizzera.  <\/p>  <p>Con il titolo \u00abDOPPIO COSTO DELLE TASSE UNIVERSITARIE? NO GRAZIE!\u00bb, l&#8217;UNES lancia una petizione (<a href=\"https:\/\/bezahlbar-studieren.ch\/\">https:\/\/bezahlbar-studieren.ch\/<\/a>) e organizza una giornata di mobilitazione in tutta la Svizzera.<\/p>  <p><strong>Le seguenti misure riguardano direttamente gli studenti:<\/strong><\/p>  <ul class=\"wp-block-list\"> <li>Rafforzamento del finanziamento degli utenti nel settore dei PF + presso le scuole universitarie cantonali: 198 milioni <\/li>    <li>Rinuncia ai contributi destinati a progetti specifici delle scuole universitarie cantonali: 78 milioni<\/li>    <li>Riduzione del 10% delle sovvenzioni per la promozione extrascolastica dei bambini e dei giovani: 2,4 \u2013 15,9 milioni di franchi<\/li>    <li>Rafforzamento del finanziamento degli utenti nel settore della mobilit\u00e0 internazionale nell&#8217;ambito della formazione \u2013 6,9 milioni di franchi<\/li> <\/ul>  <p><strong>Non esitate a contattarci per ulteriori informazioni: <\/strong><\/p>  <div class=\"wp-block-columns is-layout-flex wp-container-core-columns-is-layout-9d6595d7 wp-block-columns-is-layout-flex\"> <div class=\"wp-block-column is-layout-flow wp-block-column-is-layout-flow\"> <p>Julia Bogdan<br\/>Co-Pr\u00e4sidentin (d\/\/en)<br\/>+41 78 812 99 98<br\/>E-Mail: julia.bogdan[at]vss-unes.ch<\/p> <\/div>    <div class=\"wp-block-column is-layout-flow wp-block-column-is-layout-flow\"> <p>Luzian Franzini<br\/>Co-Generalsekret\u00e4r<br\/>+41 79 781 77 36 <br\/>E-Mail: sg-gs[at]vss-unes.ch<\/p> <\/div> <\/div>  <p><\/p> ","protected":false},"excerpt":{"rendered":"<p>29.01.2025 L&#8217;Unione degli studenti svizzeri prende atto con stupore della proposta del Consiglio federale \u00abPacchetto di misure di alleggerimento 2027\u00bb. Raddoppiando le tasse universitarie, il Consiglio federale mette in discussione &#8230; <a title=\"La VSS si oppone alle misure di risparmio irresponsabili nel settore dell&#8217;istruzione\" class=\"read-more\" href=\"https:\/\/vss-unes.ch\/it\/la-vss-si-oppone-alle-misure-di-risparmio-irresponsabili-nel-settore-dellistruzione\/\" aria-label=\"Per saperne di pi\u00f9 su La VSS si oppone alle misure di risparmio irresponsabili nel settore dell&#8217;istruzione\">Leggi tutto<\/a><\/p>\n","protected":false},"author":1,"featured_media":0,"comment_status":"open","ping_status":"closed","sticky":false,"template":"","format":"standard","meta":{"_acf_changed":false,"inline_featured_image":false,"_EventAllDay":false,"_EventTimezone":"","_EventStartDate":"","_EventEndDate":"","_EventStartDateUTC":"","_EventEndDateUTC":"","_EventShowMap":false,"_EventShowMapLink":false,"_EventURL":"","_EventCost":"","_EventCostDescription":"","_EventCurrencySymbol":"","_EventCurrencyCode":"","_EventCurrencyPosition":"","_EventDateTimeSeparator":"","_EventTimeRangeSeparator":"","_EventOrganizerID":[],"_EventVenueID":[],"_OrganizerEmail":"","_OrganizerPhone":"","_OrganizerWebsite":"","_VenueAddress":"","_VenueCity":"","_VenueCountry":"","_VenueProvince":"","_VenueState":"","_VenueZip":"","_VenuePhone":"","_VenueURL":"","_VenueStateProvince":"","_VenueLat":"","_VenueLng":"","_VenueShowMap":false,"_VenueShowMapLink":false,"wds_primary_category":0,"footnotes":"","_links_to":"","_links_to_target":""},"categories":[135],"tags":[],"class_list":["post-20954","post","type-post","status-publish","format-standard","hentry","category-communicati-stampa"],"acf":[],"_links":{"self":[{"href":"https:\/\/vss-unes.ch\/it\/wp-json\/wp\/v2\/posts\/20954","targetHints":{"allow":["GET"]}}],"collection":[{"href":"https:\/\/vss-unes.ch\/it\/wp-json\/wp\/v2\/posts"}],"about":[{"href":"https:\/\/vss-unes.ch\/it\/wp-json\/wp\/v2\/types\/post"}],"author":[{"embeddable":true,"href":"https:\/\/vss-unes.ch\/it\/wp-json\/wp\/v2\/users\/1"}],"replies":[{"embeddable":true,"href":"https:\/\/vss-unes.ch\/it\/wp-json\/wp\/v2\/comments?post=20954"}],"version-history":[{"count":0,"href":"https:\/\/vss-unes.ch\/it\/wp-json\/wp\/v2\/posts\/20954\/revisions"}],"wp:attachment":[{"href":"https:\/\/vss-unes.ch\/it\/wp-json\/wp\/v2\/media?parent=20954"}],"wp:term":[{"taxonomy":"category","embeddable":true,"href":"https:\/\/vss-unes.ch\/it\/wp-json\/wp\/v2\/categories?post=20954"},{"taxonomy":"post_tag","embeddable":true,"href":"https:\/\/vss-unes.ch\/it\/wp-json\/wp\/v2\/tags?post=20954"}],"curies":[{"name":"wp","href":"https:\/\/api.w.org\/{rel}","templated":true}]}}